{"id":120881,"date":"2025-10-21T20:20:11","date_gmt":"2025-10-21T20:20:11","guid":{"rendered":"https:\/\/www.europesays.com\/pt\/120881\/"},"modified":"2025-10-21T20:20:11","modified_gmt":"2025-10-21T20:20:11","slug":"japao-primeira-chefe-de-governo-mulher-e-baterista-motard-observador","status":"publish","type":"post","link":"https:\/\/www.europesays.com\/pt\/120881\/","title":{"rendered":"Jap\u00e3o. Primeira chefe de Governo mulher \u00e9 baterista &#8220;motard&#8221; \u2013 Observador"},"content":{"rendered":"<p>\u201cEm cima da mota, est\u00e1s sozinha. Tens de confiar no teu instinto. Acontece o mesmo na pol\u00edtica\u201d. <strong>Sanae Takaichi<\/strong>, a nova primeira-ministra do Jap\u00e3o, diz ter aprendido muito sobre lideran\u00e7a e sobre autoconfian\u00e7a por ter, em jovem, comprado uma Kawasaki e nela ter viajado longos quil\u00f3metros nas montanhas de Nara e noutros locais do Jap\u00e3o.<\/p>\n<p>Esse \u00e9 apenas um dos <strong>aspetos pouco usuais do perfil de Sanae Takaichi<\/strong>, a <a href=\"https:\/\/observador.pt\/2025\/10\/21\/sanae-takaichi-eleita-primeira-mulher-a-liderar-o-governo-do-japao\/\" rel=\"nofollow noopener\" target=\"_blank\">primeira mulher a chefiar um governo em toda a Hist\u00f3ria do pa\u00eds<\/a>. Al\u00e9m da paix\u00e3o pelas duas rodas, tamb\u00e9m tocava bateria numa banda de heavy metal e tem dois \u00eddolos (ambos brit\u00e2nicos): na m\u00fasica, os <strong>Iron Maiden<\/strong> e, na pol\u00edtica, a antiga primeira-ministra <strong>Margaret Thatcher<\/strong>.<\/p>\n<p>A admira\u00e7\u00e3o por Thatcher levou a que Sanae Takaichi passasse, tamb\u00e9m ela, a ser conhecida como a \u201cDama de Ferro\u201d do Jap\u00e3o. Ascendeu ao topo da pol\u00edtica japonesa, <strong>dominada por homens h\u00e1 v\u00e1rias gera\u00e7\u00f5es, e tem um pensamento fortemente conservador na \u00e1rea dos costumes.<\/strong> Por outro lado, defende um intervencionismo do Estado na economia.<\/p>\n<blockquote class=\"wp-embedded-content\" data-secret=\"bmuBac7UaS\">\n<p><a href=\"https:\/\/observador.pt\/2025\/10\/21\/sanae-takaichi-eleita-primeira-mulher-a-liderar-o-governo-do-japao\/\" rel=\"nofollow noopener\" target=\"_blank\">Sanae Takaichi eleita primeira mulher a liderar o Governo do Jap\u00e3o<\/a><\/p>\n<\/blockquote>\n<p>Hoje com 64 anos, nasceu em 1961 na prov\u00edncia japonesa de Nara. Cresceu no seio de uma fam\u00edlia de classe m\u00e9dia em que o pai trabalhava numa empresa ligada \u00e0 ind\u00fastria autom\u00f3vel e a m\u00e3e era agente da pol\u00edcia \u2013 logo a\u00ed, uma relativa raridade \u00e0 \u00e9poca.<\/p>\n<p>Uma amiga de inf\u00e2ncia, Motoko Shimada, recordou, <a href=\"https:\/\/www.nytimes.com\/2025\/10\/21\/world\/asia\/sanae-takaichi-japan-prime-minister.html\" rel=\"nofollow noopener\" target=\"_blank\">ao The New York Times<\/a>, a rapariga bem comportada que partilhava a sua marmita de onigiri (bolinhos de arroz) e omeletes enroladas com colegas que se tinham esquecido de levar lancheira para as visitas de estudo.<\/p>\n<p>\u201cEra muito sorridente e muito reservada. N\u00e3o tinha aquela imagem de mulher forte, mas conseguia perceber quando algu\u00e9m n\u00e3o se estava a adaptar bem ou tinha dificuldades \u2013 <strong>e ia sempre ajudar essa pessoa<\/strong>\u201c, acrescenta a amiga de inf\u00e2ncia.<\/p>\n<p>        <img src=\"https:\/\/www.europesays.com\/pt\/wp-content\/uploads\/2025\/10\/captura-de-ecra-2025-10-21-125953.jpg\" alt=\"\" loading=\"lazy\" decoding=\"async\" class=\"\" onload=\"this.parentElement.classList.remove('spinner')\" onerror=\"this.parentElement.classList.remove('spinner')\" width=\"648\" height=\"476\"\/>    <\/p>\n<p class=\"wp-caption-text\">FOTO: Cortesia de Sanae Takaichi, via CNN<\/p>\n<p>Quando foi para a faculdade, entrou na universidade japonesa de Kobe para estudar gest\u00e3o de empresas. E, depois de ter tido uma educa\u00e7\u00e3o austera, foi nessa fase que o seu lado mais rebelde come\u00e7ou a vir ao de cima: <strong>formou uma banda de heavy metal <\/strong>e tocava bateria com enorme paix\u00e3o e energia. Al\u00e9m dos Iron Maiden, Sanae Takaishi \u00e9 uma f\u00e3 devota dos (tamb\u00e9m brit\u00e2nicos) Black Sabbath.<\/p>\n<p>Esse gosto pela m\u00fasica mais pesada, que manteve discretamente ao longo da vida, era uma esp\u00e9cie de escape face \u00e0 rigidez social japonesa, incluindo a dos seus pr\u00f3prios pais, reconheceu em algumas entrevistas que foi dando ao longo da sua carreira.<\/p>\n<p>\t\t    \t\t         Como Sanae Takaichi foi eleita primeira-ministra do Jap\u00e3o <\/p>\n<p>\t\t\t\t\t\u2193 Mostrar<\/p>\n<p>\t\t\t\t\t\u2191 Esconder<\/p>\n<p>Sanae Takaichi foi esta ter\u00e7a-feira nomeada primeira-ministra do Jap\u00e3o, tornando-se a primeira mulher a ocupar este cargo, gra\u00e7as a uma coliga\u00e7\u00e3o parlamentar formada na v\u00e9spera, ap\u00f3s negocia\u00e7\u00f5es de \u00faltima hora.<\/p>\n<p>A C\u00e2mara Baixa do Parlamento japon\u00eas nomeou Takaichi, de 64 anos, logo na primeira vota\u00e7\u00e3o e a sua nomea\u00e7\u00e3o ser\u00e1 oficializada quando se encontrar com o imperador Naruhito ainda esta ter\u00e7a-feira.<\/p>\n<p>A quinta l\u00edder do arquip\u00e9lago no mesmo n\u00famero de anos enfrenta uma situa\u00e7\u00e3o pol\u00edtica delicada no pa\u00eds, mas tamb\u00e9m uma agenda internacional densa, que tem como primeiro ponto mais alto a visita ao Jap\u00e3o do Presidente norte-americano, Donald Trump, j\u00e1 na pr\u00f3xima semana.<\/p>\n<p>Sanae Takaichi conquistou, a 4 de outubro, a presid\u00eancia do Partido Liberal Democr\u00e1tico (PLD), a forma\u00e7\u00e3o conservadora de direita no poder, quase ininterruptamente desde 1955, mas que nos \u00faltimos meses perdeu a maioria nas duas c\u00e2maras do Parlamento nip\u00f3nico devido, nomeadamente, a esc\u00e2ndalos financeiros.<\/p>\n<p>O aliado tradicional do PLD, o partido centrista Komeito, abandonou a coliga\u00e7\u00e3o em vigor desde 1999, incomodado com os esc\u00e2ndalos e as opini\u00f5es conservadoras de Sanae Takaichi.<\/p>\n<p>Para garantir a elei\u00e7\u00e3o para a chefia do Governo e suceder ao primeiro-ministro cessante, Shigeru Ishiba, Takaichi formou na segunda-feira\u00a0uma alian\u00e7a\u00a0com o Partido Japon\u00eas para a Inova\u00e7\u00e3o (Ishin), uma forma\u00e7\u00e3o reformista de centro-direita.<\/p>\n<p>Num <a href=\"https:\/\/edition.cnn.com\/2025\/10\/10\/asia\/japan-takaichi-ldp-leader-hnk-intl-dst\" rel=\"nofollow noopener\" target=\"_blank\">perfil feito pela norte-americana CNN<\/a>, conta-se que Takaichi costumava ter pelo menos quatro pares de baquetas sobressalentes, para ir substituindo aquelas que se partiam devido \u00e0 forma agressiva como tocava a bateria.<\/p>\n<p>Ainda hoje gosta de tocar, acrescenta-se, mas tem em casa uma pequena bateria eletr\u00f3nica \u2013 s\u00f3 para aliviar o stress. \u201c<strong>Costumo tocar depois de o meu marido ir dormir<\/strong>\u201c, contou, entre risos, numa entrevista a um youtuber japon\u00eas.<\/p>\n<p>Casou com Irie Taikichi, tamb\u00e9m deputado pelo mesmo partido, em 2004 \u2013 sem nunca ter aceitado uma sa\u00edda amorosa com ele, disse Sanae numa entrevista recente citada pela CNN.<\/p>\n<p>Quando conheceu o marido, que estudou para ser chef de cozinha, ele prometeu-lhe que se se casasse com ela iria, para o resto da vida, comer sempre boas comidas. \u201c<strong>Portanto, arrisquei<\/strong>\u201c, afirmou a agora primeira-ministra japonesa, que confessa que n\u00e3o \u00e9 uma cozinheira especialmente dotada.<\/p>\n<p>        <img src=\"https:\/\/www.europesays.com\/pt\/wp-content\/uploads\/2025\/10\/captura-de-ecra-2025-10-21-114347.jpg\" alt=\"\" loading=\"lazy\" decoding=\"async\" class=\"alignnone\" onload=\"this.parentElement.classList.remove('spinner')\" onerror=\"this.parentElement.classList.remove('spinner')\"\/>    <\/p>\n<p>Pela mesma altura, ainda bem jovem, ganhou o gosto pelas motas. Conduzia uma Kawasaki (Z400GP), algo rar\u00edssimo entre as mulheres japonesas nos anos 1980, e que viria a tornar-se uma das suas marcas pessoais.<\/p>\n<p>Era ainda estudante quando comprou a mota. Tanto que, por vezes, quando se atrasava a sair de casa de manh\u00e3, usava o ve\u00edculo para chegar mais rapidamente \u00e0s aulas. Para que ningu\u00e9m reparasse \u2013 <strong>uma mulher chegar de mota \u00e0 escola ia contra as regras \u2013 estacionava a mota numa ruela atr\u00e1s da escola.<\/strong><\/p>\n<p>Mais tarde, aos 32 anos, viria a desistir de conduzir motas ap\u00f3s ter sido eleita deputada, por entender que estaria exposta a perigos que podiam impedi-la de cumprir o seu papel pol\u00edtico.<\/p>\n<p>Depois de concluir a licenciatura, Takaichi decidiu partir para os EUA, onde trabalhou como assistente no Congresso, no gabinete da democrata Pat Schroeder. Essa experi\u00eancia despertou-lhe um fasc\u00ednio pela pol\u00edtica ocidental e, sobretudo, por uma figura que marcaria a sua vis\u00e3o ideol\u00f3gica: <strong>Margaret Thatcher<\/strong>.<\/p>\n<p>A \u201cDama de Ferro\u201d brit\u00e2nica viria a tornar-se o seu grande modelo pol\u00edtico \u2014 pela firmeza, pela clareza de ideias e pela convic\u00e7\u00e3o de que <strong>a lideran\u00e7a exige coragem mais do que consenso<\/strong>. Anos depois, Takaichi recordaria que foi ao ouvir um discurso de Thatcher que percebeu que queria dedicar-se \u00e0 pol\u00edtica e lutar para conquistar respeito num meio dominado por homens e, tamb\u00e9m, protagonizado sobretudo por pessoa de linhagens familiares de destaque \u2013 o que n\u00e3o era o seu caso.<\/p>\n<blockquote class=\"twitter-tweet\" data-width=\"500\" data-dnt=\"true\">\n<p lang=\"en\" dir=\"ltr\">Video: Takaichi Sanae is set to become Japan&#8217;s first female Prime Minister. <br \/>In the 1990s she was a TV presenter and also appeared in this commercial for APLUS, a credit card\/consumer credit company. <a href=\"https:\/\/t.co\/cFEiWkx7ac\" rel=\"nofollow\">pic.twitter.com\/cFEiWkx7ac<\/a><\/p>\n<p>\u2014 Jeffrey J. Hall ???????????????? (@mrjeffu) <a href=\"https:\/\/twitter.com\/mrjeffu\/status\/1974830168608047433?ref_src=twsrc%5Etfw\" rel=\"nofollow noopener\" target=\"_blank\">October 5, 2025<\/a><\/p>\n<\/blockquote>\n<p>De regresso ao Jap\u00e3o, chegou a trabalhar em televis\u00e3o \u2013 protagonizou, at\u00e9, alguns an\u00fancios publicit\u00e1rios \u2013 e <strong>iniciou a carreira pol\u00edtica no in\u00edcio da d\u00e9cada de 1990<\/strong>, sendo eleita pela primeira vez para o Parlamento em 1993. Come\u00e7ou como independente, mas pouco depois integrou o Partido Liberal Democrata (LDP), a for\u00e7a pol\u00edtica hegem\u00f3nica no pa\u00eds desde o p\u00f3s-guerra.<\/p>\n<p>Ao longo das d\u00e9cadas seguintes, ocupou v\u00e1rios cargos de relevo, incluindo o de ministra dos Assuntos Internos e Comunica\u00e7\u00f5es e o de ministra respons\u00e1vel pela seguran\u00e7a econ\u00f3mica. A ascens\u00e3o no partido foi sustentada tanto pela lealdade \u00e0s ideias de <strong>Shinzo\u00a0Abe, de quem \u00e9 considerada uma disc\u00edpula<\/strong>, como pela sua reputa\u00e7\u00e3o de trabalhadora incans\u00e1vel e disciplinada.<\/p>\n<blockquote class=\"wp-embedded-content\" data-secret=\"2Hu1bxEwT1\">\n<p><a href=\"https:\/\/observador.pt\/especiais\/abenomics-o-programa-das-tres-flechas-de-shinzo-abe-que-nunca-atingiu-em-cheio-a-economia-japonesa\/\" rel=\"nofollow noopener\" target=\"_blank\">Abenomics. O programa das tr\u00eas flechas de Shinzo Abe que nunca atingiu em cheio a economia do Jap\u00e3o<\/a><\/p>\n<\/blockquote>\n<p>Politicamente, Sanae Takaichi sempre se posicionou na <strong>ala mais \u00e0 direita do LDP<\/strong>. Defende uma pol\u00edtica econ\u00f3mica intervencionista, inspirada no modelo criado por Shinzo Abe (a \u201cAbenomics\u201d), acreditando que o Estado deve ser um promotor ativo do investimento em setores estrat\u00e9gicos como tecnologia, defesa e energia.<\/p>\n<p>Em <strong>temas sociais, por\u00e9m, \u00e9 profundamente conservadora<\/strong>: op\u00f5e-se ao casamento entre pessoas do mesmo sexo e rejeita mudan\u00e7as na lei que permitiriam a casais manter apelidos diferentes, por considerar que essas altera\u00e7\u00f5es \u201cfragilizariam a estrutura familiar tradicional\u201d.<\/p>\n<p>Tamb\u00e9m as suas posi\u00e7\u00f5es sobre hist\u00f3ria e identidade nacional a tornaram uma figura controversa \u2014 as suas visitas regulares ao Santu\u00e1rio Yasukuni, onde s\u00e3o homenageados soldados japoneses da Segunda Guerra Mundial, incluindo criminosos de guerra, t\u00eam provocado cr\u00edticas dentro e fora do pa\u00eds.<\/p>\n<p>Na \u00faltima semana, teve uma oportunidade para voltar a visitar esse santu\u00e1rio, s\u00edmbolo do passado militarista japon\u00eas, agressivo contra os vizinhos do Jap\u00e3o, por\u00e9m <strong>decidiu n\u00e3o ir<\/strong>.<\/p>\n<p>Colegas e assessores descrevem-na como uma mulher reservada, met\u00f3dica, mas tamb\u00e9m <strong>surpreendentemente amig\u00e1vel e calorosa em c\u00edrculos privados<\/strong>. Fala com entusiasmo sobre m\u00fasica e sobre os passeios de mota que fez quando era jovem.<\/p>\n<p>A elei\u00e7\u00e3o de Takaichi para l\u00edder do LDP, a 4 de outubro de 2025, e a sua nomea\u00e7\u00e3o como primeira-ministra, a 21 do mesmo m\u00eas, ilustram uma carreira constru\u00edda \u00e0 for\u00e7a de determina\u00e7\u00e3o e paci\u00eancia. Essas v\u00e3o ser qualidades importantes, j\u00e1 que a coliga\u00e7\u00e3o com o Ishin representa apenas 231 assentos no Parlamento \u2013 <strong>abaixo dos 233 necess\u00e1rios para a maioria absoluta<\/strong> \u2013 pelo que ter\u00e1 que negociar com outros partidos para governar.<\/p>\n<p>O Jap\u00e3o, que continua a debater-se com um grave envelhecimento populacional, estagna\u00e7\u00e3o econ\u00f3mica e tens\u00f5es regionais com a China e a Coreia do Sul, elege para liderar o governo uma mulher que promete firmeza e continuidade. Al\u00e9m disso, garante que ir\u00e1 reunir um <strong>Executivo com um n\u00famero de mulheres \u201c\u00e0 escandinava\u201d<\/strong>, em contraste com apenas duas que havia na equipa do antecessor.<\/p>\n<p>O pa\u00eds est\u00e1 classificado em 118.\u00ba lugar entre 148 no relat\u00f3rio de 2025 do F\u00f3rum Econ\u00f3mico Mundial sobre a disparidade entre os sexos e a c\u00e2mara baixa do Parlamento nip\u00f3nico \u00e9 exemplo disso mesmo, contando com apenas 15% de mulheres. Takaichi quer trazer para agenda das pol\u00edticas p\u00fablicas uma <strong>nova sensibilidade para as dificuldades relacionadas com a sa\u00fade das mulheres<\/strong> e n\u00e3o hesita em falar abertamente sobre os seus sintomas relacionados, por exemplo, com a menopausa.<\/p>\n<p>No plano internacional, nesta ter\u00e7a-feira uma das primeiras palavras que teve foi para <strong>Donald Trump, com quem quer ter uma \u201crela\u00e7\u00e3o pr\u00f3xima\u201d<\/strong>, baseada numa \u201ctroca franca de opini\u00f5es e pontos de vista\u201d. Takaichi quer reunir-se, o quanto antes, com o Presidente dos EUA, salientou.<\/p>\n<p><strong>[A 14 de janeiro de 1986 um acontecimento muda o rumo da campanha das presidenciais: a inesperada agress\u00e3o a Soares na Marinha Grande. Nas urnas, o socialista e Zenha lutam por um lugar na segunda volta frente a Freitas.\u00a0<\/strong><strong>A\u00a0<a href=\"https:\/\/observador.pt\/programas\/a-eleio-mais-louca-de-sempre\/episodio-4-portugal-nao-e-moscovo\/\" rel=\"nofollow noopener\" target=\"_blank\">\u201cElei\u00e7\u00e3o Mais Louca de Sempre\u201d<\/a> \u00e9 o novo Podcast Plus do Observador sobre as Presidenciais de 1986. Uma s\u00e9rie narrada pelo ator Gon\u00e7alo Waddington, com banda sonora original de Samuel \u00daria. Pode ouvir\u00a0<a href=\"https:\/\/observador.pt\/programas\/a-eleio-mais-louca-de-sempre\/episodio-4-portugal-nao-e-moscovo\/\" rel=\"nofollow noopener\" target=\"_blank\">aqui<\/a>, no\u00a0Observador, e tamb\u00e9m na\u00a0<a href=\"https:\/\/podcasts.apple.com\/pt\/podcast\/epis%C3%B3dio-4-portugal-n%C3%A3o-%C3%A9-moscovo\/id1841273464?i=1000732704045\" rel=\"nofollow noopener\" target=\"_blank\">Apple Podcasts<\/a>, no\u00a0<a href=\"https:\/\/open.spotify.com\/episode\/2SQPr5qiggrruRId3AGmaa?si=4da7e55fbfa04153\" rel=\"nofollow noopener\" target=\"_blank\">Spotify<\/a>\u00a0e no\u00a0<a href=\"https:\/\/music.youtube.com\/watch?v=lwRI8iL_ZKI&amp;si=LeJjFBTc0_lsQ8FS\" rel=\"nofollow noopener\" target=\"_blank\">Youtube Music<\/a>. E pode ouvir o primeiro epis\u00f3dio\u00a0<a href=\"https:\/\/observador.pt\/programas\/a-eleio-mais-louca-de-sempre\/estreia-a-eleicao-mais-louca-de-sempre-episodio-1-apostamos-no-cavalo-errado\/\" rel=\"nofollow noopener\" target=\"_blank\">aqui<\/a>, o segundo <a href=\"https:\/\/observador.pt\/programas\/a-eleio-mais-louca-de-sempre\/episodio-2-uma-traicao-inesperada\/\" rel=\"nofollow noopener\" target=\"_blank\">aqui<\/a> e o terceiro <a href=\"https:\/\/observador.pt\/programas\/a-eleio-mais-louca-de-sempre\/episodio-3-ele-nao-e-meu-irmao\/\" rel=\"nofollow noopener\" target=\"_blank\">aqui<\/a>.]<\/strong><\/p>\n<p><a href=\"https:\/\/observador.pt\/programas\/a-eleio-mais-louca-de-sempre\/episodio-4-portugal-nao-e-moscovo\/\" rel=\"nofollow noopener\" target=\"_blank\"><\/p>\n<p>        <img src=\"https:\/\/www.europesays.com\/pt\/wp-content\/uploads\/2025\/10\/770-a-eleicao-mais-louca-de-sempre-playicon.png\" alt=\"\" loading=\"lazy\" decoding=\"async\" class=\"alignnone\" onload=\"this.parentElement.classList.remove('spinner')\" onerror=\"this.parentElement.classList.remove('spinner')\" width=\"770\" height=\"433\"\/>    <\/p>\n<p><\/a><\/p>\n<p>                    <script async src=\"https:\/\/platform.twitter.com\/widgets.js\" charset=\"utf-8\"><\/script><\/p>\n","protected":false},"excerpt":{"rendered":"\u201cEm cima da mota, est\u00e1s sozinha. Tens de confiar no teu instinto. Acontece o mesmo na pol\u00edtica\u201d. Sanae&hellip;\n","protected":false},"author":2,"featured_media":120882,"comment_status":"","ping_status":"","sticky":false,"template":"","format":"standard","meta":{"footnotes":""},"categories":[50],"tags":[27,28,15,16,14,3878,25,26,21,22,62,12,13,19,20,302,23,24,17,18,3546,29,30,31,63,64,65],"class_list":{"0":"post-120881","1":"post","2":"type-post","3":"status-publish","4":"format-standard","5":"has-post-thumbnail","7":"category-mundo","8":"tag-breaking-news","9":"tag-breakingnews","10":"tag-featured-news","11":"tag-featurednews","12":"tag-headlines","13":"tag-japu00e3o","14":"tag-latest-news","15":"tag-latestnews","16":"tag-main-news","17":"tag-mainnews","18":"tag-mundo","19":"tag-news","20":"tag-noticias","21":"tag-noticias-principais","22":"tag-noticiasprincipais","23":"tag-polu00edtica","24":"tag-principais-noticias","25":"tag-principaisnoticias","26":"tag-top-stories","27":"tag-topstories","28":"tag-u00c1sia","29":"tag-ultimas","30":"tag-ultimas-noticias","31":"tag-ultimasnoticias","32":"tag-world","33":"tag-world-news","34":"tag-worldnews"},"share_on_mastodon":{"url":"https:\/\/pubeurope.com\/@pt\/115414016038058497","error":""},"_links":{"self":[{"href":"https:\/\/www.europesays.com\/pt\/wp-json\/wp\/v2\/posts\/120881","targetHints":{"allow":["GET"]}}],"collection":[{"href":"https:\/\/www.europesays.com\/pt\/wp-json\/wp\/v2\/posts"}],"about":[{"href":"https:\/\/www.europesays.com\/pt\/wp-json\/wp\/v2\/types\/post"}],"author":[{"embeddable":true,"href":"https:\/\/www.europesays.com\/pt\/wp-json\/wp\/v2\/users\/2"}],"replies":[{"embeddable":true,"href":"https:\/\/www.europesays.com\/pt\/wp-json\/wp\/v2\/comments?post=120881"}],"version-history":[{"count":0,"href":"https:\/\/www.europesays.com\/pt\/wp-json\/wp\/v2\/posts\/120881\/revisions"}],"wp:featuredmedia":[{"embeddable":true,"href":"https:\/\/www.europesays.com\/pt\/wp-json\/wp\/v2\/media\/120882"}],"wp:attachment":[{"href":"https:\/\/www.europesays.com\/pt\/wp-json\/wp\/v2\/media?parent=120881"}],"wp:term":[{"taxonomy":"category","embeddable":true,"href":"https:\/\/www.europesays.com\/pt\/wp-json\/wp\/v2\/categories?post=120881"},{"taxonomy":"post_tag","embeddable":true,"href":"https:\/\/www.europesays.com\/pt\/wp-json\/wp\/v2\/tags?post=120881"}],"curies":[{"name":"wp","href":"https:\/\/api.w.org\/{rel}","templated":true}]}}