{"id":120916,"date":"2025-10-21T20:48:46","date_gmt":"2025-10-21T20:48:46","guid":{"rendered":"https:\/\/www.europesays.com\/pt\/120916\/"},"modified":"2025-10-21T20:48:46","modified_gmt":"2025-10-21T20:48:46","slug":"mais-que-um-concept-desportivo-eletrico-da-audi-pode-andar-na-via-publica","status":"publish","type":"post","link":"https:\/\/www.europesays.com\/pt\/120916\/","title":{"rendered":"Mais que um concept. Desportivo el\u00e9trico da Audi pode andar na via p\u00fablica"},"content":{"rendered":"<p>\n\tO Audi Concept C est\u00e1 t\u00e3o pr\u00f3ximo do modelo final que a marca alem\u00e3 conseguiu homolog\u00e1-lo para circular na via p\u00fablica, como um carro de produ\u00e7\u00e3o.\n<\/p>\n<p>O <strong><a href=\"https:\/\/www.razaoautomovel.com\/noticias\/apresentacao-audi-concept-c\/\" rel=\"nofollow noopener\" target=\"_blank\">Audi Concept C<\/a><\/strong>, que antev\u00ea um novo desportivo el\u00e9trico da marca para 2027, foi uma das estrelas do \u00faltimo <a href=\"https:\/\/www.razaoautomovel.com\/podcasts\/auto-radio-101-novidades-salao-de-munique-2025\/\" rel=\"nofollow noopener\" target=\"_blank\">Sal\u00e3o de Munique<\/a>.<\/p>\n<p>Mas este concept car n\u00e3o antecipa apenas um novo modelo e linguagem de design para a marca: \u00e9 um carro a s\u00e9rio e n\u00e3o apenas um prot\u00f3tipo de sal\u00e3o. <\/p>\n<p>O que significa que foi constru\u00eddo para estar em conformidade com os regulamentos vigentes, ao ponto da Audi ter conseguido homolog\u00e1-lo como se tratasse de um carro de produ\u00e7\u00e3o.<\/p>\n<p>\u00c9 uma esp\u00e9cie de one-off, mas diz muito sobre o qu\u00e3o pr\u00f3ximo o Concept C est\u00e1 do futuro modelo de produ\u00e7\u00e3o, apesar de a Audi n\u00e3o ter dado a conhecer praticamente nenhumas especifica\u00e7\u00f5es \u00e0 exce\u00e7\u00e3o da velocidade m\u00e1xima: 145 km\/h. Certamente ser\u00e1 muito superior no modelo de produ\u00e7\u00e3o.<\/p>\n<p>N\u00e3o \u00e9 segredo que o Audi Concept C assenta sobre a mesma base dos <a href=\"https:\/\/www.razaoautomovel.com\/noticias\/industria-porsche-718-motores-de-combustao\/\" rel=\"nofollow noopener\" target=\"_blank\">sucessores el\u00e9tricos dos Porsche 718 Cayman e 718 Boxster<\/a>. <\/p>\n<p>Apresenta-se com uma carro\u00e7aria targa e com um motor el\u00e9trico traseiro. As baterias est\u00e3o entre os dois ocupantes e o eixo traseiro, imitando o posicionamento central traseiro de um desportivo com motor a combust\u00e3o, para uma distribui\u00e7\u00e3o de peso similar.<\/p>\n<p>E quanto ao peso em si? A Audi declara 1690 kg para o Concept C. Pesado, mas para um el\u00e9trico at\u00e9 que n\u00e3o \u00e9 muito pesado. Agora, s\u00f3 resta esperar.<\/p>\n<p>\n<iframe title=\"Spotify Embed: FERRARI EL\u00c9TRICO vai ter SUCESSO? Plano n\u00e3o PODE FALHAR\" style=\"border-radius: 12px\" width=\"100%\" height=\"152\" frameborder=\"0\" allowfullscreen allow=\"autoplay; clipboard-write; encrypted-media; fullscreen; picture-in-picture\" loading=\"lazy\" src=\"https:\/\/open.spotify.com\/embed\/episode\/09eh0OdsvTfXMjE8uwqhkx?si=_Vb1B0VzQBeKMgr4vg77tw&#038;utm_source=oembed\"><\/iframe>\n<\/p>\n<p style=\"font-family: 'Adelle Sans', sans-serif; font-size:15px;font-style:normal;font-weight:400\"><strong>Sobre o \u201cArranque a Frio\u201d.<\/strong> De segunda a sexta-feira na Raz\u00e3o Autom\u00f3vel, h\u00e1 um \u201cArranque a Frio\u201d \u00e0s 7h00 da manh\u00e3. Enquanto bebe o seu caf\u00e9 ou ganha coragem para come\u00e7ar o dia, fique a par de curiosidades, factos hist\u00f3ricos e v\u00eddeos relevantes do mundo autom\u00f3vel. Tudo em menos de 200 palavras.<\/p>\n","protected":false},"excerpt":{"rendered":"O Audi Concept C est\u00e1 t\u00e3o pr\u00f3ximo do modelo final que a marca alem\u00e3 conseguiu homolog\u00e1-lo para circular&hellip;\n","protected":false},"author":2,"featured_media":120917,"comment_status":"","ping_status":"","sticky":false,"template":"","format":"standard","meta":{"footnotes":""},"categories":[83],"tags":[990,490,16166,88,89,90,32,26040,33],"class_list":{"0":"post-120916","1":"post","2":"type-post","3":"status-publish","4":"format-standard","5":"has-post-thumbnail","7":"category-empresas","8":"tag-arranque-a-frio","9":"tag-audi","10":"tag-audi-concept-c","11":"tag-business","12":"tag-economy","13":"tag-empresas","14":"tag-portugal","15":"tag-prototipo","16":"tag-pt"},"share_on_mastodon":{"url":"https:\/\/pubeurope.com\/@pt\/115414126264783444","error":""},"_links":{"self":[{"href":"https:\/\/www.europesays.com\/pt\/wp-json\/wp\/v2\/posts\/120916","targetHints":{"allow":["GET"]}}],"collection":[{"href":"https:\/\/www.europesays.com\/pt\/wp-json\/wp\/v2\/posts"}],"about":[{"href":"https:\/\/www.europesays.com\/pt\/wp-json\/wp\/v2\/types\/post"}],"author":[{"embeddable":true,"href":"https:\/\/www.europesays.com\/pt\/wp-json\/wp\/v2\/users\/2"}],"replies":[{"embeddable":true,"href":"https:\/\/www.europesays.com\/pt\/wp-json\/wp\/v2\/comments?post=120916"}],"version-history":[{"count":0,"href":"https:\/\/www.europesays.com\/pt\/wp-json\/wp\/v2\/posts\/120916\/revisions"}],"wp:featuredmedia":[{"embeddable":true,"href":"https:\/\/www.europesays.com\/pt\/wp-json\/wp\/v2\/media\/120917"}],"wp:attachment":[{"href":"https:\/\/www.europesays.com\/pt\/wp-json\/wp\/v2\/media?parent=120916"}],"wp:term":[{"taxonomy":"category","embeddable":true,"href":"https:\/\/www.europesays.com\/pt\/wp-json\/wp\/v2\/categories?post=120916"},{"taxonomy":"post_tag","embeddable":true,"href":"https:\/\/www.europesays.com\/pt\/wp-json\/wp\/v2\/tags?post=120916"}],"curies":[{"name":"wp","href":"https:\/\/api.w.org\/{rel}","templated":true}]}}