{"id":120970,"date":"2025-10-21T21:33:16","date_gmt":"2025-10-21T21:33:16","guid":{"rendered":"https:\/\/www.europesays.com\/pt\/120970\/"},"modified":"2025-10-21T21:33:16","modified_gmt":"2025-10-21T21:33:16","slug":"pj-detem-homem-que-ofereceu-casa-a-quem-matasse-brasileiros-observador","status":"publish","type":"post","link":"https:\/\/www.europesays.com\/pt\/120970\/","title":{"rendered":"PJ det\u00e9m homem que ofereceu casa a quem matasse brasileiros \u2013 Observador"},"content":{"rendered":"<p>A Pol\u00edcia Judici\u00e1ria deteve um homem de 30 anos, luso-brasileiro, suspeito de ter difundido nas redes sociais uma publica\u00e7\u00e3o na qual incita \u00e0 viol\u00eancia contra um grupo de pessoas de nacionalidade estrangeira \u2014 neste caso cidad\u00e3os brasileiros.<\/p>\n<p>Em comunicado, a PJ explica que, nessa publica\u00e7\u00e3o, o suspeito, chamado Bruno Silva, ofereceu como recompensa um apartamento no centro de Lisboa a quem \u201c<strong>realizasse um massacre e exterminasse determinados cidad\u00e3os estrangeiros<\/strong> e um b\u00f3nus adicional de 100 mil euros a quem atentasse contra a vida de uma jornalista brasileira que trabalha em Portugal\u201d.<\/p>\n<p>O homem agora detido oferecia, <a href=\"https:\/\/observador.pt\/2025\/09\/02\/por-cada-cabeca-500-euros-homem-que-ameacou-brasileiros-em-portugal-despedido-e-sera-alvo-de-queixa-judicial\/\" rel=\"nofollow noopener\" target=\"_blank\">numa publica\u00e7\u00e3o na rede social X,<\/a> um apartamento como recompensa para quem realizasse um exterm\u00ednio de cidad\u00e3os brasileiros residentes em Portugal e 100 mil euros a quem matasse\u00a0<strong>Stefani Costa<\/strong>, uma jornalista brasileira que trabalha em Portugal. A divulga\u00e7\u00e3o da referida publica\u00e7\u00e3o tornou-se viral, sublinha a PJ, com enorme \u201crepercuss\u00e3o e alarme social, afetando gravemente o sentimento de tranquilidade, de seguran\u00e7a e da paz p\u00fablica, gerando a indigna\u00e7\u00e3o e o rep\u00fadio em v\u00e1rios quadrantes\u201d.<\/p>\n<blockquote class=\"wp-embedded-content\" data-secret=\"3w6K0wskAu\">\n<p><a href=\"https:\/\/observador.pt\/2025\/09\/02\/por-cada-cabeca-500-euros-homem-que-ameacou-brasileiros-em-portugal-despedido-e-sera-alvo-de-queixa-judicial\/\" rel=\"nofollow noopener\" target=\"_blank\">\u201cPor cada cabe\u00e7a, 500 euros.\u201d Homem que amea\u00e7ou brasileiros em Portugal despedido e ser\u00e1 alvo de queixa judicial<\/a><\/p>\n<\/blockquote>\n<p>O detido j\u00e1 tinha antecedentes criminais por \u201cdiscrimina\u00e7\u00e3o e incitamento ao \u00f3dio e \u00e0 viol\u00eancia\u201d. Foram-lhe\u00a0 \u201capreendidos vastos elementos de prova relativos ao seu radicalismo ideol\u00f3gico\u201d.<\/p>\n<p>O homem ser\u00e1 agora presente \u00e0 autoridade judici\u00e1ria competente at\u00e9 ao final do dia de quarta-feira para aplica\u00e7\u00e3o de medidas de coa\u00e7\u00e3o.<\/p>\n<p><strong>[A 14 de janeiro de 1986 um acontecimento muda o rumo da campanha das presidenciais: a inesperada agress\u00e3o a Soares na Marinha Grande. Nas urnas, o socialista e Zenha lutam por um lugar na segunda volta frente a Freitas.\u00a0<\/strong><strong>A\u00a0<a href=\"https:\/\/observador.pt\/programas\/a-eleio-mais-louca-de-sempre\/episodio-4-portugal-nao-e-moscovo\/\" rel=\"nofollow noopener\" target=\"_blank\">\u201cElei\u00e7\u00e3o Mais Louca de Sempre\u201d<\/a> \u00e9 o novo Podcast Plus do Observador sobre as Presidenciais de 1986. Uma s\u00e9rie narrada pelo ator Gon\u00e7alo Waddington, com banda sonora original de Samuel \u00daria. Pode ouvir\u00a0<a href=\"https:\/\/observador.pt\/programas\/a-eleio-mais-louca-de-sempre\/episodio-4-portugal-nao-e-moscovo\/\" rel=\"nofollow noopener\" target=\"_blank\">aqui<\/a>, no\u00a0Observador, e tamb\u00e9m na\u00a0<a href=\"https:\/\/podcasts.apple.com\/pt\/podcast\/epis%C3%B3dio-4-portugal-n%C3%A3o-%C3%A9-moscovo\/id1841273464?i=1000732704045\" rel=\"nofollow noopener\" target=\"_blank\">Apple Podcasts<\/a>, no\u00a0<a href=\"https:\/\/open.spotify.com\/episode\/2SQPr5qiggrruRId3AGmaa?si=4da7e55fbfa04153\" rel=\"nofollow noopener\" target=\"_blank\">Spotify<\/a>\u00a0e no\u00a0<a href=\"https:\/\/music.youtube.com\/watch?v=lwRI8iL_ZKI&amp;si=LeJjFBTc0_lsQ8FS\" rel=\"nofollow noopener\" target=\"_blank\">Youtube Music<\/a>. E pode ouvir o primeiro epis\u00f3dio\u00a0<a href=\"https:\/\/observador.pt\/programas\/a-eleio-mais-louca-de-sempre\/estreia-a-eleicao-mais-louca-de-sempre-episodio-1-apostamos-no-cavalo-errado\/\" rel=\"nofollow noopener\" target=\"_blank\">aqui<\/a>, o segundo <a href=\"https:\/\/observador.pt\/programas\/a-eleio-mais-louca-de-sempre\/episodio-2-uma-traicao-inesperada\/\" rel=\"nofollow noopener\" target=\"_blank\">aqui<\/a> e o terceiro <a href=\"https:\/\/observador.pt\/programas\/a-eleio-mais-louca-de-sempre\/episodio-3-ele-nao-e-meu-irmao\/\" rel=\"nofollow noopener\" target=\"_blank\">aqui<\/a>.]<\/strong><\/p>\n<p><a href=\"https:\/\/observador.pt\/programas\/a-eleio-mais-louca-de-sempre\/episodio-4-portugal-nao-e-moscovo\/\" rel=\"nofollow noopener\" target=\"_blank\"><\/p>\n<p>        <img src=\"https:\/\/www.europesays.com\/pt\/wp-content\/uploads\/2025\/10\/770-a-eleicao-mais-louca-de-sempre-playicon.png\" alt=\"\" loading=\"lazy\" decoding=\"async\" class=\"alignnone\" onload=\"this.parentElement.classList.remove('spinner')\" onerror=\"this.parentElement.classList.remove('spinner')\" width=\"770\" height=\"433\"\/>    <\/p>\n<p><\/a><\/p>\n","protected":false},"excerpt":{"rendered":"A Pol\u00edcia Judici\u00e1ria deteve um homem de 30 anos, luso-brasileiro, suspeito de ter difundido nas redes sociais uma&hellip;\n","protected":false},"author":2,"featured_media":116115,"comment_status":"","ping_status":"","sticky":false,"template":"","format":"standard","meta":{"footnotes":""},"categories":[10],"tags":[726,27,28,15,16,14,297,300,25,26,21,22,62,12,13,19,20,3918,32,23,24,33,17,18,29,30,31],"class_list":{"0":"post-120970","1":"post","2":"type-post","3":"status-publish","4":"format-standard","5":"has-post-thumbnail","7":"category-portugal","8":"tag-brasil","9":"tag-breaking-news","10":"tag-breakingnews","11":"tag-featured-news","12":"tag-featurednews","13":"tag-headlines","14":"tag-imigrau00e7u00e3o","15":"tag-justiu00e7a","16":"tag-latest-news","17":"tag-latestnews","18":"tag-main-news","19":"tag-mainnews","20":"tag-mundo","21":"tag-news","22":"tag-noticias","23":"tag-noticias-principais","24":"tag-noticiasprincipais","25":"tag-polu00edcia-judiciu00e1ria","26":"tag-portugal","27":"tag-principais-noticias","28":"tag-principaisnoticias","29":"tag-pt","30":"tag-top-stories","31":"tag-topstories","32":"tag-ultimas","33":"tag-ultimas-noticias","34":"tag-ultimasnoticias"},"share_on_mastodon":{"url":"https:\/\/pubeurope.com\/@pt\/115414302960107762","error":""},"_links":{"self":[{"href":"https:\/\/www.europesays.com\/pt\/wp-json\/wp\/v2\/posts\/120970","targetHints":{"allow":["GET"]}}],"collection":[{"href":"https:\/\/www.europesays.com\/pt\/wp-json\/wp\/v2\/posts"}],"about":[{"href":"https:\/\/www.europesays.com\/pt\/wp-json\/wp\/v2\/types\/post"}],"author":[{"embeddable":true,"href":"https:\/\/www.europesays.com\/pt\/wp-json\/wp\/v2\/users\/2"}],"replies":[{"embeddable":true,"href":"https:\/\/www.europesays.com\/pt\/wp-json\/wp\/v2\/comments?post=120970"}],"version-history":[{"count":0,"href":"https:\/\/www.europesays.com\/pt\/wp-json\/wp\/v2\/posts\/120970\/revisions"}],"wp:featuredmedia":[{"embeddable":true,"href":"https:\/\/www.europesays.com\/pt\/wp-json\/wp\/v2\/media\/116115"}],"wp:attachment":[{"href":"https:\/\/www.europesays.com\/pt\/wp-json\/wp\/v2\/media?parent=120970"}],"wp:term":[{"taxonomy":"category","embeddable":true,"href":"https:\/\/www.europesays.com\/pt\/wp-json\/wp\/v2\/categories?post=120970"},{"taxonomy":"post_tag","embeddable":true,"href":"https:\/\/www.europesays.com\/pt\/wp-json\/wp\/v2\/tags?post=120970"}],"curies":[{"name":"wp","href":"https:\/\/api.w.org\/{rel}","templated":true}]}}