{"id":120985,"date":"2025-10-21T21:48:21","date_gmt":"2025-10-21T21:48:21","guid":{"rendered":"https:\/\/www.europesays.com\/pt\/120985\/"},"modified":"2025-10-21T21:48:21","modified_gmt":"2025-10-21T21:48:21","slug":"abusos-leao-xiv-recebe-vitimas-e-ativistas-o-papa-nos-ouviu-e-apoiou","status":"publish","type":"post","link":"https:\/\/www.europesays.com\/pt\/120985\/","title":{"rendered":"Abusos, Le\u00e3o XIV recebe v\u00edtimas e ativistas: \u201cO Papa nos ouviu e apoiou\u201d"},"content":{"rendered":"<p>O Papa recebeu no Vaticano seis membros do conselho diretivo da ECA Global, associa\u00e7\u00e3o internacional de direitos humanos que luta por maior apoio e indeniza\u00e7\u00f5es \u00e0s v\u00edtimas de abusos, que pediu tamb\u00e9m mais empenho e colabora\u00e7\u00e3o \u00e0 Igreja Cat\u00f3lica. A audi\u00eancia com o Pont\u00edfice foi considerada \u201cum passo hist\u00f3rico e cheio de esperan\u00e7a rumo a uma coopera\u00e7\u00e3o mais ampla\u201d.<\/p>\n<p><b>Salvatore Cernuzio \u2013 Cidade do Vaticano<\/b><\/p>\n<p>Tudo come\u00e7ou com uma carta, que hoje se transformou em um encontro no Pal\u00e1cio Apost\u00f3lico \u2014 o primeiro do Papa Le\u00e3o XIV, desde sua elei\u00e7\u00e3o, com um grupo de v\u00edtimas de abusos e ativistas que lutam contra o que os \u00faltimos pont\u00edfices chamaram de uma \u201cchaga\u201d. Le\u00e3o XIV recebeu na manh\u00e3 de hoje seis membros do Conselho Diretivo da ECA Global (Ending Clergy Abuse), organiza\u00e7\u00e3o de direitos humanos composta por ativistas e v\u00edtimas de abusos sexuais cometidos por representantes da Igreja Cat\u00f3lica, provenientes de mais de 30 pa\u00edses e seis continentes. A rede, especialmente ativa nos Estados Unidos, desde sua funda\u00e7\u00e3o em 2018, trabalha para que a Igreja Cat\u00f3lica siga as recomenda\u00e7\u00f5es da ONU de 2014 quanto a uma pol\u00edtica eficaz de \u201ctoler\u00e2ncia zero\u201d. A audi\u00eancia de hoje com o Papa Le\u00e3o, afirmam os membros da ECA, representa \u201cum passo hist\u00f3rico e cheio de esperan\u00e7a rumo a uma maior coopera\u00e7\u00e3o\u201d.<\/p>\n<p>Essas palavras foram registradas pela organiza\u00e7\u00e3o em uma declara\u00e7\u00e3o e, depois, apresentadas \u00e0 imprensa em uma confer\u00eancia realizada em um hotel da regi\u00e3o de Borgo Pio, nas proximidades do Vaticano, pelos seis participantes do encontro com o Pont\u00edfice: Gemma Hickey (Canad\u00e1), Timothy Law (EUA), Evelyn Korkmaz (Canad\u00e1, Primeira Na\u00e7\u00e3o), Matthias Katsch (Alemanha), Janet Aguti (Uganda) e Sergio Salinas (Argentina). Todos vieram de contextos e culturas diferentes, mas unidos pelo mesmo objetivo: garantir que os abusos nunca mais se repitam e promover uma colabora\u00e7\u00e3o mais eficaz com a Igreja.<\/p>\n<p>     <a href=\"https:\/\/www.vaticannews.va\/pt\/papa\/news\/2025-06\/papa-carta-peru-abusos-proyecto-paola-ugaz.html\" title=\"Le\u00e3o XIV: nenhuma forma de abuso seja tolerada na Igreja e agradecimento a jornalistas\" rel=\"nofollow noopener\" target=\"_blank\"><\/p>\n<p>        <img decoding=\"async\" src=\"data:image\/gif;base64,R0lGODlhAQABAIAAAAAAAP\/\/\/yH5BAEAAAAALAAAAAABAAEAAAIBRAA7\" data-original=\"https:\/\/www.vaticannews.va\/content\/dam\/vaticannews\/multimedia\/2025\/giugno\/21\/IMG_8922.jpg\/_jcr_content\/renditions\/cq5dam.thumbnail.cropped.500.281.jpeg\" alt=\"Le\u00e3o XIV: nenhuma forma de abuso seja tolerada na Igreja e agradecimento a jornalistas\"\/><\/p>\n<p>      <\/a><\/p>\n<p>\n      Um forte apelo contra toda forma de abuso: sexual, de poder, de consci\u00eancia, na mensagem enviada por Le\u00e3o XIV ao Peru, por ocasi\u00e3o do espet\u00e1culo teatral &#8220;Proyecto Ugaz&#8221;, dedicado a &#8230;\n     <\/p>\n<p>Acolhimento e escuta <\/p>\n<p>Os seis membros da ECA expressaram unanimemente satisfa\u00e7\u00e3o pela audi\u00eancia com Le\u00e3o XIV \u2014 por sua postura, abordagem e capacidade de ouvir.<br \/>Gemma Hickey, v\u00edtima de abusos em Newfoundland e Labrador (Canad\u00e1) por parte de um sacerdote que foi primeiro afastado e depois transferido para duas par\u00f3quias, afirmou: \u201cO Papa Le\u00e3o foi muito aberto, e cada um de n\u00f3s p\u00f4de compartilhar reflex\u00f5es pessoais. Ele foi muito caloroso. Escutou-nos\u2026 Tamb\u00e9m tem um \u00f3timo senso de humor. \u00c9 realmente humilde.\u201d Ao Papa, o grupo leu uma declara\u00e7\u00e3o pr\u00f3pria, para iniciar a audi\u00eancia \u201cde mente aberta\u201d, e apresentou o projeto Iniciativa Toler\u00e2ncia Zero, destacando \u201ca import\u00e2ncia de padr\u00f5es globais coerentes e pol\u00edticas centradas nas v\u00edtimas\u201d. Durante o encontro, tamb\u00e9m se falou sobre o trabalho da Comiss\u00e3o Pontif\u00edcia para a Prote\u00e7\u00e3o dos Menores, que na semana passada apresentou seu segundo relat\u00f3rio anual. O Papa sugeriu que houvesse um \u201cdi\u00e1logo\u201d entre os dois organismos.<\/p>\n<p>\u201cFoi uma conversa profundamente significativa. Reflete um compromisso compartilhado com a justi\u00e7a, a cura e uma mudan\u00e7a verdadeira\u201d, afirmou ainda Hickey. \u201cOs sobreviventes h\u00e1 muito tempo buscam um lugar \u00e0 mesa das negocia\u00e7\u00f5es, e hoje nos sentimos ouvidos.\u201d<\/p>\n<p>    <img decoding=\"async\" src=\"data:image\/gif;base64,R0lGODlhAQABAIAAAAAAAP\/\/\/yH5BAEAAAAALAAAAAABAAEAAAIBRAA7\" data-original=\"https:\/\/www.vaticannews.va\/content\/dam\/vaticannews\/agenzie\/images\/srv\/2025\/10\/20\/2025-10-20-direttivo-eca\/1760951365272.JPG\/_jcr_content\/renditions\/cq5dam.thumbnail.cropped.750.422.jpeg\" alt=\"A audi\u00eancia do Papa com os membros da ECA Global \" title=\"A audi\u00eancia do Papa com os membros da ECA Global \"\/><\/p>\n<p>\n   A audi\u00eancia do Papa com os membros da ECA Global \u00a0 (@VATICAN MEDIA)\n  <\/p>\n<p>Um di\u00e1logo direto e respeitoso <\/p>\n<p>O encontro de hoje, como mencionado, nasceu de uma carta enviada pela ECA ao rec\u00e9m-eleito Pont\u00edfice. Inspirados pelas palavras de Robert Francis Prevost, pronunciadas na Loggia das B\u00ean\u00e7\u00e3os, os membros da entidade se apresentaram \u201ccomo construtores de pontes, prontos para caminhar juntos rumo \u00e0 verdade, \u00e0 justi\u00e7a e \u00e0 cura\u201d. Em tempos t\u00e3o \u201cpolarizados\u201d, escreveram, \u201co ato mais radical que podemos fazer agora \u00e9 sentar e conversar\u201d. O Papa respondeu \u201cpositivamente\u201d \u00e0 carta e, com um \u201cgesto de abertura\u201d, aceitou a oportunidade de \u201cum di\u00e1logo direto e respeitoso sobre os caminhos a seguir\u201d. Da\u00ed surgiu a reuni\u00e3o privada no Pal\u00e1cio Apost\u00f3lico, que durou cerca de uma hora, mas foi densa em testemunhos e propostas. \u201cViemos n\u00e3o apenas para expressar nossas preocupa\u00e7\u00f5es, mas tamb\u00e9m para avaliar como podemos colaborar para garantir a prote\u00e7\u00e3o de crian\u00e7as e adultos vulner\u00e1veis em todo o mundo\u201d, afirmou Janet Aguti, de Uganda, vice-presidente do conselho da ECA.<\/p>\n<p>N\u00e3o havia \u201craiva\u201d, esclareceu novamente Gemma, mas apenas \u201cesperan\u00e7a\u201d de responsabilidade e mudan\u00e7a duradoura: \u201cAcreditamos na dignidade intr\u00ednseca de cada crian\u00e7a e adulto vulner\u00e1vel, na coragem de cada sobrevivente e na responsabilidade moral da Igreja de agir com transpar\u00eancia e compaix\u00e3o. Nossa miss\u00e3o \u00e9 apoiar os que sofreram danos, promovendo reformas que protejam os mais fr\u00e1geis e contribuindo para restaurar a confian\u00e7a e a integridade de uma institui\u00e7\u00e3o que sabemos ser capaz de realizar grandes coisas.\u201d<\/p>\n<p>     <a href=\"https:\/\/www.vaticannews.va\/pt\/vaticano\/news\/2025-10\/comissao-tutela-menores-segundo-relatorio-politicas-igreja.html\" title=\"Tutela dos Menores: segundo relat\u00f3rio prop\u00f5e medidas corretivas contra abusos\" rel=\"nofollow noopener\" target=\"_blank\"><\/p>\n<p>        <img decoding=\"async\" src=\"data:image\/gif;base64,R0lGODlhAQABAIAAAAAAAP\/\/\/yH5BAEAAAAALAAAAAABAAEAAAIBRAA7\" data-original=\"https:\/\/www.vaticannews.va\/content\/dam\/vaticannews\/multimedia\/2024\/ottobre\/29\/Il-Rapporto-Annuale-sugli-abusi-della-Pontificia-Commissione-per-la-Tutela-dei-Minori.jpg\/_jcr_content\/renditions\/cq5dam.thumbnail.cropped.500.281.jpeg\" alt=\"Tutela dos Menores: segundo relat\u00f3rio prop\u00f5e medidas corretivas contra abusos\"\/><\/p>\n<p>      <\/a><\/p>\n<p>\n      O documento publicado pela Pontif\u00edcia Comiss\u00e3o apresenta um manual com recomenda\u00e7\u00f5es para uma &#8220;escuta informada&#8221; e para o apoio econ\u00f4mico, psicol\u00f3gico e espiritual \u00e0s v\u00edtimas. &#8230;\n     <\/p>\n<p>Vontade de trabalhar juntos <\/p>\n<p>O objetivo, acrescentou Tim Law, cofundador e membro do conselho da ECA nos EUA, \u201cn\u00e3o \u00e9 o confronto, mas sim a responsabilidade, a transpar\u00eancia e a disposi\u00e7\u00e3o de trabalhar juntos para encontrar solu\u00e7\u00f5es\u201d. Isso n\u00e3o \u00e9 pouco, considerando que muitos \u2014 como relataram \u2014, ao buscarem ajuda, encontraram apenas um muro. \u201cComo sobrevivente de uma escola residencial, carrego o peso do trauma intergeracional causado por institui\u00e7\u00f5es que deveriam nos proteger. O encontro de hoje \u00e9 mais um passo rumo \u00e0 verdade e \u00e0 reconcilia\u00e7\u00e3o\u201d, destacou a canadense Evelyn Korkmaz.<\/p>\n<p>J\u00e1 Matthias Katsch, da Alemanha, explicou que pediram ao Pont\u00edfice que oferecesse \u201cesperan\u00e7a\u201d, entendida como \u201cjusti\u00e7a\u201d, \u201cindeniza\u00e7\u00f5es\u201d e \u201cmelhores prote\u00e7\u00f5es para crian\u00e7as e adultos vulner\u00e1veis\u201d. \u201cHoje, n\u00e3o basta mais que os sobreviventes falem\u201d, acrescentou. \u201c\u00c9 necess\u00e1rio que a sociedade escute.\u201d N\u00e3o \u00e9 apenas a Igreja \u2014 \u00e9 toda a sociedade, inclusive a italiana \u2014 que precisa estar disposta a ouvir e tirar consequ\u00eancias do que os sobreviventes revelaram.<\/p>\n<p>Durante a confer\u00eancia, tamb\u00e9m falou Francesco Zanardi, membro da ECA e da associa\u00e7\u00e3o Rete L\u2019Abuso, que anunciou a elabora\u00e7\u00e3o de um relat\u00f3rio sobre os casos de abuso e pedofilia clerical na It\u00e1lia.<\/p>\n<p>A organiza\u00e7\u00e3o concluiu o encontro \u201cressaltando a urgente necessidade de um di\u00e1logo cont\u00ednuo, compassivo e colaborativo, para construir um futuro em que seguran\u00e7a, responsabilidade e dignidade n\u00e3o sejam apenas defendidas, mas em que as vozes dos sobreviventes sejam exemplo para todos\u201d.<\/p>\n<p>    <img decoding=\"async\" src=\"data:image\/gif;base64,R0lGODlhAQABAIAAAAAAAP\/\/\/yH5BAEAAAAALAAAAAABAAEAAAIBRAA7\" data-original=\"https:\/\/www.vaticannews.va\/content\/dam\/vaticannews\/agenzie\/images\/srv\/2025\/10\/20\/2025-10-20-direttivo-eca\/1760951362613.JPG\/_jcr_content\/renditions\/cq5dam.thumbnail.cropped.750.422.jpeg\" alt=\"Papa com Pedro Salinas\" title=\"Papa com Pedro Salinas\"\/><\/p>\n<p>\n   Papa com Pedro Salinas \u00a0 (@VATICAN MEDIA)\n  <\/p>\n<p>Dois livros de presente <\/p>\n<p>O Papa recebeu de Sergio Salinas o livro \u201cLa verdad nos hizo libres\u201d\u00a0(\u201cA verdade nos tornou livres\u201d), sobre o movimento religioso Sodalicio, fundado no Peru nos anos 1970, expandido por toda a Am\u00e9rica Latina e suprimido no in\u00edcio deste ano por Papa Francisco. V\u00edtima ele mesmo de abusos dentro do movimento, Salinas, junto com a jornalista Paola Ugaz, revelou toda a hist\u00f3ria em um livro-den\u00fancia. Trata-se de um caso bem conhecido de Papa Le\u00e3o, que viveu mais de vinte anos no Peru, primeiro como mission\u00e1rio agostiniano e depois como bispo.<\/p>\n<p>Outro livro foi entregue por Matthias Katsch: \u201cDamit es aufh\u00f6rt\u201d (\u201cPara que acabe\u201d), obra de sua autoria que descreve o esc\u00e2ndalo dos abusos e seus desdobramentos desde 2010 na Alemanha, entrela\u00e7ados \u00e0 sua pr\u00f3pria hist\u00f3ria pessoal. \u00c0 margem da confer\u00eancia, respondendo \u00e0s perguntas de Stefanie Stahlhofen, da reda\u00e7\u00e3o alem\u00e3 da R\u00e1dio Vaticano \u2013 Vatican News, Katsch observou: \u201cN\u00e3o foi apenas o primeiro encontro com o Papa Le\u00e3o \u2014 foi o primeiro encontro de um Papa, n\u00e3o com v\u00edtimas isoladas, mas com uma organiza\u00e7\u00e3o de v\u00edtimas. Trata-se de um salto de qualidade.\u201d<\/p>\n","protected":false},"excerpt":{"rendered":"O Papa recebeu no Vaticano seis membros do conselho diretivo da ECA Global, associa\u00e7\u00e3o internacional de direitos humanos&hellip;\n","protected":false},"author":2,"featured_media":120986,"comment_status":"","ping_status":"","sticky":false,"template":"","format":"standard","meta":{"footnotes":""},"categories":[50],"tags":[11973,27,28,3026,15,16,14,545,25,26,21,22,62,12,13,19,20,811,23,24,4629,17,18,29,30,31,5598,63,64,65],"class_list":{"0":"post-120985","1":"post","2":"type-post","3":"status-publish","4":"format-standard","5":"has-post-thumbnail","7":"category-mundo","8":"tag-abusos","9":"tag-breaking-news","10":"tag-breakingnews","11":"tag-direitos-humanos","12":"tag-featured-news","13":"tag-featurednews","14":"tag-headlines","15":"tag-igreja-catolica","16":"tag-latest-news","17":"tag-latestnews","18":"tag-main-news","19":"tag-mainnews","20":"tag-mundo","21":"tag-news","22":"tag-noticias","23":"tag-noticias-principais","24":"tag-noticiasprincipais","25":"tag-papa-leao-xiv","26":"tag-principais-noticias","27":"tag-principaisnoticias","28":"tag-santa-se","29":"tag-top-stories","30":"tag-topstories","31":"tag-ultimas","32":"tag-ultimas-noticias","33":"tag-ultimasnoticias","34":"tag-vaticano","35":"tag-world","36":"tag-world-news","37":"tag-worldnews"},"share_on_mastodon":{"url":"https:\/\/pubeurope.com\/@pt\/115414362401117208","error":""},"_links":{"self":[{"href":"https:\/\/www.europesays.com\/pt\/wp-json\/wp\/v2\/posts\/120985","targetHints":{"allow":["GET"]}}],"collection":[{"href":"https:\/\/www.europesays.com\/pt\/wp-json\/wp\/v2\/posts"}],"about":[{"href":"https:\/\/www.europesays.com\/pt\/wp-json\/wp\/v2\/types\/post"}],"author":[{"embeddable":true,"href":"https:\/\/www.europesays.com\/pt\/wp-json\/wp\/v2\/users\/2"}],"replies":[{"embeddable":true,"href":"https:\/\/www.europesays.com\/pt\/wp-json\/wp\/v2\/comments?post=120985"}],"version-history":[{"count":0,"href":"https:\/\/www.europesays.com\/pt\/wp-json\/wp\/v2\/posts\/120985\/revisions"}],"wp:featuredmedia":[{"embeddable":true,"href":"https:\/\/www.europesays.com\/pt\/wp-json\/wp\/v2\/media\/120986"}],"wp:attachment":[{"href":"https:\/\/www.europesays.com\/pt\/wp-json\/wp\/v2\/media?parent=120985"}],"wp:term":[{"taxonomy":"category","embeddable":true,"href":"https:\/\/www.europesays.com\/pt\/wp-json\/wp\/v2\/categories?post=120985"},{"taxonomy":"post_tag","embeddable":true,"href":"https:\/\/www.europesays.com\/pt\/wp-json\/wp\/v2\/tags?post=120985"}],"curies":[{"name":"wp","href":"https:\/\/api.w.org\/{rel}","templated":true}]}}