{"id":120988,"date":"2025-10-21T21:50:10","date_gmt":"2025-10-21T21:50:10","guid":{"rendered":"https:\/\/www.europesays.com\/pt\/120988\/"},"modified":"2025-10-21T21:50:10","modified_gmt":"2025-10-21T21:50:10","slug":"fnam-acusa-ministerio-da-saude-de-impor-mobilizacao-forcada-de-medicos-para-urgencias-regionais","status":"publish","type":"post","link":"https:\/\/www.europesays.com\/pt\/120988\/","title":{"rendered":"FNAM acusa Minist\u00e9rio da Sa\u00fade de impor mobiliza\u00e7\u00e3o for\u00e7ada de m\u00e9dicos para urg\u00eancias regionais"},"content":{"rendered":"<p itemprop=\"description\" class=\"article-lead readthis-1692727\">\n          A Federa\u00e7\u00e3o Nacional dos M\u00e9dicos (FNAM) acusou esta ter\u00e7a-feira o Minist\u00e9rio da Sa\u00fade de tentar impor uma mobiliza\u00e7\u00e3o &#8220;coerciva e ilegal&#8221; de m\u00e9dicos para as urg\u00eancias regionais, ao contr\u00e1rio do que afirmou na Assembleia da Rep\u00fablica. A den\u00fancia surge ap\u00f3s o envio de um documento pela ministra da Sa\u00fade, na noite de domingo, que, segundo a FNAM, confirma a inten\u00e7\u00e3o de deslocar profissionais fora do seu concelho de trabalho. O Sindicato mant\u00e9m a greve convocada para 24 de outubro. &#13;<\/p>\n","protected":false},"excerpt":{"rendered":"A Federa\u00e7\u00e3o Nacional dos M\u00e9dicos (FNAM) acusou esta ter\u00e7a-feira o Minist\u00e9rio da Sa\u00fade de tentar impor uma mobiliza\u00e7\u00e3o&hellip;\n","protected":false},"author":2,"featured_media":120989,"comment_status":"","ping_status":"","sticky":false,"template":"","format":"standard","meta":{"footnotes":""},"categories":[8],"tags":[22114,27,28,15,16,7234,301,14,25,26,21,22,2647,1703,12,13,19,20,32,23,24,33,117,2649,17,18,29,30,31],"class_list":{"0":"post-120988","1":"post","2":"type-post","3":"status-publish","4":"format-standard","5":"has-post-thumbnail","7":"category-principais-noticias","8":"tag-ana-paula-martins","9":"tag-breaking-news","10":"tag-breakingnews","11":"tag-featured-news","12":"tag-featurednews","13":"tag-fnam","14":"tag-governo","15":"tag-headlines","16":"tag-latest-news","17":"tag-latestnews","18":"tag-main-news","19":"tag-mainnews","20":"tag-medicos","21":"tag-ministerio-da-saude","22":"tag-news","23":"tag-noticias","24":"tag-noticias-principais","25":"tag-noticiasprincipais","26":"tag-portugal","27":"tag-principais-noticias","28":"tag-principaisnoticias","29":"tag-pt","30":"tag-saude","31":"tag-sns","32":"tag-top-stories","33":"tag-topstories","34":"tag-ultimas","35":"tag-ultimas-noticias","36":"tag-ultimasnoticias"},"share_on_mastodon":{"url":"","error":""},"_links":{"self":[{"href":"https:\/\/www.europesays.com\/pt\/wp-json\/wp\/v2\/posts\/120988","targetHints":{"allow":["GET"]}}],"collection":[{"href":"https:\/\/www.europesays.com\/pt\/wp-json\/wp\/v2\/posts"}],"about":[{"href":"https:\/\/www.europesays.com\/pt\/wp-json\/wp\/v2\/types\/post"}],"author":[{"embeddable":true,"href":"https:\/\/www.europesays.com\/pt\/wp-json\/wp\/v2\/users\/2"}],"replies":[{"embeddable":true,"href":"https:\/\/www.europesays.com\/pt\/wp-json\/wp\/v2\/comments?post=120988"}],"version-history":[{"count":0,"href":"https:\/\/www.europesays.com\/pt\/wp-json\/wp\/v2\/posts\/120988\/revisions"}],"wp:featuredmedia":[{"embeddable":true,"href":"https:\/\/www.europesays.com\/pt\/wp-json\/wp\/v2\/media\/120989"}],"wp:attachment":[{"href":"https:\/\/www.europesays.com\/pt\/wp-json\/wp\/v2\/media?parent=120988"}],"wp:term":[{"taxonomy":"category","embeddable":true,"href":"https:\/\/www.europesays.com\/pt\/wp-json\/wp\/v2\/categories?post=120988"},{"taxonomy":"post_tag","embeddable":true,"href":"https:\/\/www.europesays.com\/pt\/wp-json\/wp\/v2\/tags?post=120988"}],"curies":[{"name":"wp","href":"https:\/\/api.w.org\/{rel}","templated":true}]}}