{"id":120990,"date":"2025-10-21T21:51:13","date_gmt":"2025-10-21T21:51:13","guid":{"rendered":"https:\/\/www.europesays.com\/pt\/120990\/"},"modified":"2025-10-21T21:51:13","modified_gmt":"2025-10-21T21:51:13","slug":"ricardo-martins-pereira-revela-o-que-aconteceu-quando-esteve-afastado-de-ana-garcia-martins-nunca-disse-publicamente","status":"publish","type":"post","link":"https:\/\/www.europesays.com\/pt\/120990\/","title":{"rendered":"Ricardo Martins Pereira &#8211; Revela o que aconteceu quando esteve afastado de Ana Garcia Martins: \u201cNunca disse publicamente\u201d"},"content":{"rendered":"<p><strong>Ricardo Martins Pereira<\/strong> foi <a href=\"https:\/\/www.novagente.pt\/ricardo-martins-pereira-filho-com-sara-veloso-ja-nasceu-eis-primeiras-fotografias-do-bebe-manuel\" rel=\"nofollow noopener\" target=\"_blank\">pai pela quarta vez<\/a>! O primeiro filho em comum com <strong>Sara Veloso<\/strong> nasceu esta ter\u00e7a-feira, 21 de outubro, e a boa-nova foi anunciada no programa da <strong>CMTV<\/strong>, <strong>Tarde das Estrelas<\/strong>, apresentado por <strong>\u00c1gata Rodrigues<\/strong>.<\/p>\n<p>Durante o formato, o nome <strong>In\u00eas Aires Pereira<\/strong> e o facto de estar novamente gr\u00e1vida do pai dos outros filhos foi tema de conversa. E durante o coment\u00e1rio Arrumadinho acabou por contar algo que <strong>\u201cnunca disse publicamente\u201d<\/strong>.<\/p>\n<blockquote>\n<p><strong>Leia tamb\u00e9m: Ricardo Martins Pereira &#8211; <\/strong><a href=\"https:\/\/www.novagente.pt\/ricardo-martins-pereira-engano-afinal-nao-vai-ter-uma-menina-com-sara-veloso-culpa-disto-tudo\" rel=\"nofollow noopener\" target=\"_blank\">Engano! Afinal, n\u00e3o teve uma menina com Sara Veloso: &#8220;E a culpa disto tudo&#8230;&#8221;<\/a><\/p>\n<\/blockquote>\n<p><strong>\u201cNa rela\u00e7\u00e3o anterior que tive, e depois de ter tido o primeiro filho, o Mateus, foi exatamente assim: eu estive separado oito meses da Ana [Garcia Martins] e tamb\u00e9m iniciei um outro relacionamento\u201d<\/strong>, revelou um namoro desconhecido.<\/p>\n<p><strong>\u201cMas houve a possibilidade de dar uma nova oportunidade \u00e0 fam\u00edlia e eu dei esse passo. Depois disso nasceu a Benedita e, mais tarde, acab\u00e1mos por nos separar definitivamente em 2020\u201d<\/strong>, relatou.<\/p>\n<p>Por fim, referiu que compreende totalmente o lado da atriz: \u201cEntendo perfeitamente isso, ou seja, n\u00e3o \u00e9 o facto de sequer de haver outra pessoa, ou outra rela\u00e7\u00e3o, que impede que se queira dar esse passo atr\u00e1s e uma nova oportunidade \u00e0 fam\u00edlia, desde que haja um compromisso de corrigir tudo o que n\u00e3o estava bem na fase inicial\u201d.<\/p>\n<p>Texto: Carolina Charrua; Fotos: Redes sociais e Impala<\/p>\n<p class=\"intagram-text\">Siga a Nova Gente no Instagram<\/p>\n<p>                        <a href=\"https:\/\/www.instagram.com\/revistanovagente\/\" target=\"_blank\" aria-label=\"instagram\" rel=\"noopener nofollow\"><img decoding=\"async\" style=\"display: block; margin-left: auto; margin-right: auto; width: 250px; height: 83px;\" src=\"https:\/\/www.europesays.com\/pt\/wp-content\/uploads\/2025\/10\/Instagram_NG.png\" alt=\"instagram\"\/><\/a><br \/>\n                    <script async src=\"\/\/www.instagram.com\/embed.js\"><\/script><\/p>\n","protected":false},"excerpt":{"rendered":"Ricardo Martins Pereira foi pai pela quarta vez! O primeiro filho em comum com Sara Veloso nasceu esta&hellip;\n","protected":false},"author":2,"featured_media":120991,"comment_status":"","ping_status":"","sticky":false,"template":"","format":"standard","meta":{"footnotes":""},"categories":[145],"tags":[5812,28018,211,210,9402,114,115,28019,32,33,5870,5265],"class_list":{"0":"post-120990","1":"post","2":"type-post","3":"status-publish","4":"format-standard","5":"has-post-thumbnail","7":"category-celebridades","8":"tag-ana-garcia-martins","9":"tag-arrumadinho","10":"tag-celebridades","11":"tag-celebrities","12":"tag-cmtv","13":"tag-entertainment","14":"tag-entretenimento","15":"tag-pipoca-mais-doce","16":"tag-portugal","17":"tag-pt","18":"tag-relacao","19":"tag-ricardo-martins-pereira"},"share_on_mastodon":{"url":"https:\/\/pubeurope.com\/@pt\/115414373813492347","error":""},"_links":{"self":[{"href":"https:\/\/www.europesays.com\/pt\/wp-json\/wp\/v2\/posts\/120990","targetHints":{"allow":["GET"]}}],"collection":[{"href":"https:\/\/www.europesays.com\/pt\/wp-json\/wp\/v2\/posts"}],"about":[{"href":"https:\/\/www.europesays.com\/pt\/wp-json\/wp\/v2\/types\/post"}],"author":[{"embeddable":true,"href":"https:\/\/www.europesays.com\/pt\/wp-json\/wp\/v2\/users\/2"}],"replies":[{"embeddable":true,"href":"https:\/\/www.europesays.com\/pt\/wp-json\/wp\/v2\/comments?post=120990"}],"version-history":[{"count":0,"href":"https:\/\/www.europesays.com\/pt\/wp-json\/wp\/v2\/posts\/120990\/revisions"}],"wp:featuredmedia":[{"embeddable":true,"href":"https:\/\/www.europesays.com\/pt\/wp-json\/wp\/v2\/media\/120991"}],"wp:attachment":[{"href":"https:\/\/www.europesays.com\/pt\/wp-json\/wp\/v2\/media?parent=120990"}],"wp:term":[{"taxonomy":"category","embeddable":true,"href":"https:\/\/www.europesays.com\/pt\/wp-json\/wp\/v2\/categories?post=120990"},{"taxonomy":"post_tag","embeddable":true,"href":"https:\/\/www.europesays.com\/pt\/wp-json\/wp\/v2\/tags?post=120990"}],"curies":[{"name":"wp","href":"https:\/\/api.w.org\/{rel}","templated":true}]}}