{"id":121006,"date":"2025-10-21T22:02:14","date_gmt":"2025-10-21T22:02:14","guid":{"rendered":"https:\/\/www.europesays.com\/pt\/121006\/"},"modified":"2025-10-21T22:02:14","modified_gmt":"2025-10-21T22:02:14","slug":"trump-diz-que-ira-visitar-a-china-no-inicio-do-proximo-ano","status":"publish","type":"post","link":"https:\/\/www.europesays.com\/pt\/121006\/","title":{"rendered":"Trump diz que ir\u00e1 visitar a China &#8220;no in\u00edcio do pr\u00f3ximo ano&#8221;"},"content":{"rendered":"<p>                    <b>&#8220;Fui convidado para ir \u00e0 China e vou faz\u00ea-lo algures no in\u00edcio do pr\u00f3ximo ano. Est\u00e1 praticamente tudo organizado&#8221;<\/b>, disse Trump aos jornalistas na Casa Branca esta segunda-feira.<\/p>\n<p><b>O encontro esteve em risco devido \u00e0s tens\u00f5es entre os dois pa\u00edses devido&#13;<br \/>\naos controlos anunciados por Pequim sobre a exporta\u00e7\u00e3o de terras raras,&#13;<br \/>\nbem como de m\u00e1quinas e tecnologias que permitem o seu refinamento e &#13;<br \/>\ntransforma\u00e7\u00e3o.<\/b>\u00a0Em resposta, Trump amea\u00e7ou aumentar as tarifas a Pequim<br \/>\ndepois daquela que qualificou como uma decis\u00e3o &#8220;extremamente agressiva&#8221;<br \/>\npor parte da China.<br \/>\nDonald Trump manifestou ainda confian\u00e7a na sua rela\u00e7\u00e3o com o presidente chin\u00eas, ao contrariar uma avalia\u00e7\u00e3o anterior do Pent\u00e1gono de que a China estaria a planear uma invas\u00e3o de Taiwan em 2027.<\/p>\n<p>&#13;<br \/>\n&#8220;Acho que vamos ficar bem com a China. A China n\u00e3o quer fazer isso&#8221;, afirmou aos jornalistas. A China reconhece que ambiciona uma &#8220;reunifica\u00e7\u00e3o pac\u00edfica&#8221; com Taiwan, ilha que considera ser parte do seu territ\u00f3rio, e n\u00e3o descarta o uso de for\u00e7a para alcan\u00e7ar esse objetivo.&#13;\n<\/p>\n<p>&#13;<br \/>\n(c\/ ag\u00eancias)&#13;<\/p>\n","protected":false},"excerpt":{"rendered":"&#8220;Fui convidado para ir \u00e0 China e vou faz\u00ea-lo algures no in\u00edcio do pr\u00f3ximo ano. Est\u00e1 praticamente tudo&hellip;\n","protected":false},"author":2,"featured_media":121007,"comment_status":"","ping_status":"","sticky":false,"template":"","format":"standard","meta":{"footnotes":""},"categories":[50],"tags":[27,28,358,15,16,14,25,26,21,22,62,12,13,19,20,23,24,17,18,2183,29,30,31,63,64,65,7719],"class_list":{"0":"post-121006","1":"post","2":"type-post","3":"status-publish","4":"format-standard","5":"has-post-thumbnail","7":"category-mundo","8":"tag-breaking-news","9":"tag-breakingnews","10":"tag-china","11":"tag-featured-news","12":"tag-featurednews","13":"tag-headlines","14":"tag-latest-news","15":"tag-latestnews","16":"tag-main-news","17":"tag-mainnews","18":"tag-mundo","19":"tag-news","20":"tag-noticias","21":"tag-noticias-principais","22":"tag-noticiasprincipais","23":"tag-principais-noticias","24":"tag-principaisnoticias","25":"tag-top-stories","26":"tag-topstories","27":"tag-trump","28":"tag-ultimas","29":"tag-ultimas-noticias","30":"tag-ultimasnoticias","31":"tag-world","32":"tag-world-news","33":"tag-worldnews","34":"tag-xi-jinping"},"share_on_mastodon":{"url":"https:\/\/pubeurope.com\/@pt\/115414417057456096","error":""},"_links":{"self":[{"href":"https:\/\/www.europesays.com\/pt\/wp-json\/wp\/v2\/posts\/121006","targetHints":{"allow":["GET"]}}],"collection":[{"href":"https:\/\/www.europesays.com\/pt\/wp-json\/wp\/v2\/posts"}],"about":[{"href":"https:\/\/www.europesays.com\/pt\/wp-json\/wp\/v2\/types\/post"}],"author":[{"embeddable":true,"href":"https:\/\/www.europesays.com\/pt\/wp-json\/wp\/v2\/users\/2"}],"replies":[{"embeddable":true,"href":"https:\/\/www.europesays.com\/pt\/wp-json\/wp\/v2\/comments?post=121006"}],"version-history":[{"count":0,"href":"https:\/\/www.europesays.com\/pt\/wp-json\/wp\/v2\/posts\/121006\/revisions"}],"wp:featuredmedia":[{"embeddable":true,"href":"https:\/\/www.europesays.com\/pt\/wp-json\/wp\/v2\/media\/121007"}],"wp:attachment":[{"href":"https:\/\/www.europesays.com\/pt\/wp-json\/wp\/v2\/media?parent=121006"}],"wp:term":[{"taxonomy":"category","embeddable":true,"href":"https:\/\/www.europesays.com\/pt\/wp-json\/wp\/v2\/categories?post=121006"},{"taxonomy":"post_tag","embeddable":true,"href":"https:\/\/www.europesays.com\/pt\/wp-json\/wp\/v2\/tags?post=121006"}],"curies":[{"name":"wp","href":"https:\/\/api.w.org\/{rel}","templated":true}]}}