{"id":121028,"date":"2025-10-21T22:16:17","date_gmt":"2025-10-21T22:16:17","guid":{"rendered":"https:\/\/www.europesays.com\/pt\/121028\/"},"modified":"2025-10-21T22:16:17","modified_gmt":"2025-10-21T22:16:17","slug":"ue-alerta-que-pressionar-ucrania-nao-e-a-abordagem-correta-para-travar-agressao-russa","status":"publish","type":"post","link":"https:\/\/www.europesays.com\/pt\/121028\/","title":{"rendered":"UE alerta que pressionar Ucr\u00e2nia &#8220;n\u00e3o \u00e9 a abordagem correta&#8221; para travar agress\u00e3o russa"},"content":{"rendered":"<p>                    <b>&#8220;Pressionar a Ucr\u00e2nia como v\u00edtima n\u00e3o \u00e9 a abordagem correta, n\u00e3o s\u00f3 para a Ucr\u00e2nia, mas tamb\u00e9m para a seguran\u00e7a europeia e mundial, porque se a agress\u00e3o d\u00e1 frutos, encoraja-se a que se repita noutros locais&#8221;<\/b>, afirmou Kallas no final de uma reuni\u00e3o de ministros dos Neg\u00f3cios Estrangeiros da UE, no Luxemburgo.<\/p>\n<p>As declara\u00e7\u00f5es surgem depois de, na sexta-feira, o presidente dos Estados Unidos ter recebido novamente o hom\u00f3logo ucraniano na Casa Branca. Donald Trump aproveitou para <b>instar Volodymyr Zelensky a cessar as hostilidades<\/b> e n\u00e3o respondeu aos pedidos de maior apoio militar.<\/p>\n<p>A Ucr\u00e2nia e a R\u00fassia devem &#8220;parar onde est\u00e3o&#8221;, declarou o norte-americano, sugerindo concess\u00f5es territoriais por parte de Kiev. &#8220;Que ambos reclamem a vit\u00f3ria e que a hist\u00f3ria decida. Chega de tiros, chega de mortes&#8221;, acrescentou.<\/p>\n<p>Esta segunda-feira, Kallas vincou que &#8220;a integridade territorial \u00e9 um valor importante que defendemos e penso que temos de nos manter fi\u00e9is a ele&#8221;.<\/p>\n<p>&#8220;Se simplesmente desistirmos destes territ\u00f3rios,<b> estaremos a enviar a mensagem a toda a gente de que usar a for\u00e7a contra os nossos vizinhos compensa para conseguirmos o que queremos<\/b>&#8220;, afirmou a respons\u00e1vel.Zelensky descreve reuni\u00e3o com Trump como &#8220;positiva&#8221;<br \/>&#13;<br \/>\nEntretanto, o presidente ucraniano descreveu o seu encontro com Donald Trump na semana passada como um sucesso, destacando progressos na aquisi\u00e7\u00e3o de novos sistemas de defesa a\u00e9rea.<\/p>\n<p>As declara\u00e7\u00f5es surgem ap\u00f3s not\u00edcias de que o presidente dos EUA teria repreendido o hom\u00f3logo ucraniano na Casa Branca.<br \/>&#13;<br \/>\n<b><br \/>&#13;<br \/>\n&#8220;Depois de muitas rondas de discuss\u00e3o ao longo de mais de duas horas com Trump e a sua equipa, a sua mensagem, na minha opini\u00e3o, \u00e9 positiva: mantemo-nos onde estamos na linha da frente&#8221;<\/b>, disse Zelensky.<\/p>\n<p>O presidente ucraniano disse ainda que a visita de Zelensky a Washington foi um passo importante para que a Ucr\u00e2nia possa comprar 25 sistemas de defesa a\u00e9rea Patriot.<\/p>\n<p>Esta tarde, uma fonte auscultada pela ag\u00eancia Reuters garantiu que<b> o l\u00edder da Ucr\u00e2nia vai viajar at\u00e9 Londres na sexta-feira para uma reuni\u00e3o com a &#8220;Coliga\u00e7\u00e3o dos Dispostos&#8221;<\/b>, um grupo de pa\u00edses dispon\u00edveis para oferecerem garantias de seguran\u00e7a a Kiev.<\/p>\n<p>Numa publica\u00e7\u00e3o na rede social X, Zelensky referiu que &#8220;haver\u00e1 muitos encontros e negocia\u00e7\u00f5es na Europa esta semana&#8221;.\u00a0&#13;\n<\/p>\n<blockquote class=\"twitter-tweet\"><p>&#13;<\/p>\n<p dir=\"ltr\" lang=\"en\">&#13;<br \/>\n\tI spoke with Mette Frederiksen <a href=\"https:\/\/twitter.com\/Statsmin?ref_src=twsrc%5Etfw\" rel=\"nofollow noopener\" target=\"_blank\">@Statsmin<\/a> and greatly appreciate all the support from Denmark and the Prime Minister personally. We are coordinating our diplomatic efforts, and that\u2019s helpful. We are also doing a lot together to make our countries stronger. Ukrainian-Danish\u2026&#13;\n\t<\/p>\n<p>&#13;<br \/>\n\t\u2014 Volodymyr Zelenskyy \/ \u0412\u043e\u043b\u043e\u0434\u0438\u043c\u0438\u0440 \u0417\u0435\u043b\u0435\u043d\u0441\u044c\u043a\u0438\u0439 (@ZelenskyyUa) <a href=\"https:\/\/twitter.com\/ZelenskyyUa\/status\/1980281010043683045?ref_src=twsrc%5Etfw\" rel=\"nofollow noopener\" target=\"_blank\">October 20, 2025<\/a>&#13;\n<\/p><\/blockquote>\n<p>c\/ ag\u00eancias&#13;\n<\/p>\n<p><script async src=\"https:\/\/platform.twitter.com\/widgets.js\" charset=\"utf-8\"><\/script><\/p>\n","protected":false},"excerpt":{"rendered":"&#8220;Pressionar a Ucr\u00e2nia como v\u00edtima n\u00e3o \u00e9 a abordagem correta, n\u00e3o s\u00f3 para a Ucr\u00e2nia, mas tamb\u00e9m para&hellip;\n","protected":false},"author":2,"featured_media":121029,"comment_status":"","ping_status":"","sticky":false,"template":"","format":"standard","meta":{"footnotes":""},"categories":[50],"tags":[27,28,15,16,14,12286,25,26,21,22,62,12,13,19,20,23,24,839,17,18,840,1977,29,30,31,63,64,65],"class_list":{"0":"post-121028","1":"post","2":"type-post","3":"status-publish","4":"format-standard","5":"has-post-thumbnail","7":"category-mundo","8":"tag-breaking-news","9":"tag-breakingnews","10":"tag-featured-news","11":"tag-featurednews","12":"tag-headlines","13":"tag-kaja-kallas","14":"tag-latest-news","15":"tag-latestnews","16":"tag-main-news","17":"tag-mainnews","18":"tag-mundo","19":"tag-news","20":"tag-noticias","21":"tag-noticias-principais","22":"tag-noticiasprincipais","23":"tag-principais-noticias","24":"tag-principaisnoticias","25":"tag-russia","26":"tag-top-stories","27":"tag-topstories","28":"tag-ucrania","29":"tag-ue","30":"tag-ultimas","31":"tag-ultimas-noticias","32":"tag-ultimasnoticias","33":"tag-world","34":"tag-world-news","35":"tag-worldnews"},"share_on_mastodon":{"url":"https:\/\/pubeurope.com\/@pt\/115414472135533412","error":""},"_links":{"self":[{"href":"https:\/\/www.europesays.com\/pt\/wp-json\/wp\/v2\/posts\/121028","targetHints":{"allow":["GET"]}}],"collection":[{"href":"https:\/\/www.europesays.com\/pt\/wp-json\/wp\/v2\/posts"}],"about":[{"href":"https:\/\/www.europesays.com\/pt\/wp-json\/wp\/v2\/types\/post"}],"author":[{"embeddable":true,"href":"https:\/\/www.europesays.com\/pt\/wp-json\/wp\/v2\/users\/2"}],"replies":[{"embeddable":true,"href":"https:\/\/www.europesays.com\/pt\/wp-json\/wp\/v2\/comments?post=121028"}],"version-history":[{"count":0,"href":"https:\/\/www.europesays.com\/pt\/wp-json\/wp\/v2\/posts\/121028\/revisions"}],"wp:featuredmedia":[{"embeddable":true,"href":"https:\/\/www.europesays.com\/pt\/wp-json\/wp\/v2\/media\/121029"}],"wp:attachment":[{"href":"https:\/\/www.europesays.com\/pt\/wp-json\/wp\/v2\/media?parent=121028"}],"wp:term":[{"taxonomy":"category","embeddable":true,"href":"https:\/\/www.europesays.com\/pt\/wp-json\/wp\/v2\/categories?post=121028"},{"taxonomy":"post_tag","embeddable":true,"href":"https:\/\/www.europesays.com\/pt\/wp-json\/wp\/v2\/tags?post=121028"}],"curies":[{"name":"wp","href":"https:\/\/api.w.org\/{rel}","templated":true}]}}