{"id":121030,"date":"2025-10-21T22:17:08","date_gmt":"2025-10-21T22:17:08","guid":{"rendered":"https:\/\/www.europesays.com\/pt\/121030\/"},"modified":"2025-10-21T22:17:08","modified_gmt":"2025-10-21T22:17:08","slug":"elevador-da-gloria-moedas-nao-vai-reconduzir-administracao-da-carris-2","status":"publish","type":"post","link":"https:\/\/www.europesays.com\/pt\/121030\/","title":{"rendered":"Elevador da Gl\u00f3ria. Moedas n\u00e3o vai reconduzir administra\u00e7\u00e3o da Carris"},"content":{"rendered":"<p>Esta decis\u00e3o surge um dia <a href=\"https:\/\/www.rtp.pt\/noticias\/pais\/relatorio-aponta-falhas-da-carris-na-aquisicao-e-manutencao-do-cabo-do-elevador-da-gloria_n1692511\" target=\"_blank\" rel=\"nofollow noopener\">depois de ser conhecido o relat\u00f3rio<\/a> que identifica falhas graves que estiveram na origem do acidente com o elevador da Gl\u00f3ria, em setembro \u00faltimo, que provocou 16 v\u00edtimas mortais.<\/p>\n<p>&#13;<br \/>\nO Gabinete de Preven\u00e7\u00e3o e Investiga\u00e7\u00e3o de Acidentes com Aeronaves e de Acidentes Ferrovi\u00e1rios (GPIAAF) aponta especificamente v\u00e1rias falhas no processo de aquisi\u00e7\u00e3o, aceita\u00e7\u00e3o e instala\u00e7\u00e3o do cabo pela Carris.\u00a0&#13;\n<\/p>\n<p><\/p>\n<p>Esta ter\u00e7a-feira,\u00a0os vereadores socialistas na C\u00e2mara Municipal de Lisboa <a href=\"https:\/\/www.rtp.pt\/noticias\/politica\/conclusoes-muito-graves-vereadores-do-ps-em-lisboa-querem-demissao-da-administracao-da-carris_n1692646\" target=\"_blank\" rel=\"nofollow noopener\">vieram exigir<\/a> a demiss\u00e3o da administra\u00e7\u00e3o da empresa.\u00a0<\/p>\n<p>A atual administra\u00e7\u00e3o da Carris, presidida por Pedro Bogas, tomou posse em 2022 e o mandato termina este ano.&#13;<\/p>\n","protected":false},"excerpt":{"rendered":"Esta decis\u00e3o surge um dia depois de ser conhecido o relat\u00f3rio que identifica falhas graves que estiveram na&hellip;\n","protected":false},"author":2,"featured_media":120922,"comment_status":"","ping_status":"","sticky":false,"template":"","format":"standard","meta":{"footnotes":""},"categories":[10],"tags":[27,28,5408,17138,16270,15,16,14,25,26,797,21,22,12,13,19,20,32,23,24,33,17,18,29,30,31],"class_list":{"0":"post-121030","1":"post","2":"type-post","3":"status-publish","4":"format-standard","5":"has-post-thumbnail","7":"category-portugal","8":"tag-breaking-news","9":"tag-breakingnews","10":"tag-camara","11":"tag-carris","12":"tag-elevador","13":"tag-featured-news","14":"tag-featurednews","15":"tag-headlines","16":"tag-latest-news","17":"tag-latestnews","18":"tag-lisboa","19":"tag-main-news","20":"tag-mainnews","21":"tag-news","22":"tag-noticias","23":"tag-noticias-principais","24":"tag-noticiasprincipais","25":"tag-portugal","26":"tag-principais-noticias","27":"tag-principaisnoticias","28":"tag-pt","29":"tag-top-stories","30":"tag-topstories","31":"tag-ultimas","32":"tag-ultimas-noticias","33":"tag-ultimasnoticias"},"share_on_mastodon":{"url":"https:\/\/pubeurope.com\/@pt\/115414476030600432","error":""},"_links":{"self":[{"href":"https:\/\/www.europesays.com\/pt\/wp-json\/wp\/v2\/posts\/121030","targetHints":{"allow":["GET"]}}],"collection":[{"href":"https:\/\/www.europesays.com\/pt\/wp-json\/wp\/v2\/posts"}],"about":[{"href":"https:\/\/www.europesays.com\/pt\/wp-json\/wp\/v2\/types\/post"}],"author":[{"embeddable":true,"href":"https:\/\/www.europesays.com\/pt\/wp-json\/wp\/v2\/users\/2"}],"replies":[{"embeddable":true,"href":"https:\/\/www.europesays.com\/pt\/wp-json\/wp\/v2\/comments?post=121030"}],"version-history":[{"count":0,"href":"https:\/\/www.europesays.com\/pt\/wp-json\/wp\/v2\/posts\/121030\/revisions"}],"wp:featuredmedia":[{"embeddable":true,"href":"https:\/\/www.europesays.com\/pt\/wp-json\/wp\/v2\/media\/120922"}],"wp:attachment":[{"href":"https:\/\/www.europesays.com\/pt\/wp-json\/wp\/v2\/media?parent=121030"}],"wp:term":[{"taxonomy":"category","embeddable":true,"href":"https:\/\/www.europesays.com\/pt\/wp-json\/wp\/v2\/categories?post=121030"},{"taxonomy":"post_tag","embeddable":true,"href":"https:\/\/www.europesays.com\/pt\/wp-json\/wp\/v2\/tags?post=121030"}],"curies":[{"name":"wp","href":"https:\/\/api.w.org\/{rel}","templated":true}]}}