{"id":121032,"date":"2025-10-21T22:19:12","date_gmt":"2025-10-21T22:19:12","guid":{"rendered":"https:\/\/www.europesays.com\/pt\/121032\/"},"modified":"2025-10-21T22:19:12","modified_gmt":"2025-10-21T22:19:12","slug":"a-ultima-se-deus-quiser","status":"publish","type":"post","link":"https:\/\/www.europesays.com\/pt\/121032\/","title":{"rendered":"&#8216;A \u00faltima, se Deus quiser&#8217;"},"content":{"rendered":"<p>\n                        Influenciadora de 19 anos faz tratamento contra linfoma de Hodgkin; momento foi compartilhado em v\u00eddeo\n                    <\/p>\n<blockquote class=\"instagram-media\" data-instgrm-captioned=\"\" data-instgrm-permalink=\"https:\/\/www.instagram.com\/reel\/DQEsK3AEVmE\/?utm_source=ig_embed&amp;utm_campaign=loading\" data-instgrm-version=\"14\" style=\" background:#FFF; border:0; border-radius:3px; box-shadow:0 0 1px 0 rgba(0,0,0,0.5),0 1px 10px 0 rgba(0,0,0,0.15); margin: 1px; max-width:658px; min-width:326px; padding:0; width:99.375%; width:-webkit-calc(100% - 2px); width:calc(100% - 2px);\"><p>\n<a href=\"https:\/\/www.instagram.com\/reel\/DQEsK3AEVmE\/?utm_source=ig_embed&amp;utm_campaign=loading\" style=\" background:#FFFFFF; line-height:0; padding:0 0; text-align:center; text-decoration:none; width:100%;\" target=\"_blank\" rel=\"nofollow noopener\"><\/p>\n<p>      View this post on Instagram <\/p>\n<p><\/a><\/p>\n<p class=\"text\" style=\" color:#c9c8cd; font-family:Arial,sans-serif; font-size:14px; line-height:17px; margin-bottom:0; margin-top:8px; overflow:hidden; padding:8px 0 7px; text-align:center; text-overflow:ellipsis; white-space:nowrap;\"><a href=\"https:\/\/www.instagram.com\/reel\/DQEsK3AEVmE\/?utm_source=ig_embed&amp;utm_campaign=loading\" style=\" color:#c9c8cd; font-family:Arial,sans-serif; font-size:14px; font-style:normal; font-weight:normal; line-height:17px; text-decoration:none;\" target=\"_blank\" rel=\"nofollow noopener\">A post shared by Isabel Veloso (@isabelvelosoo)<\/a><\/p>\n<\/blockquote>\n<p class=\"text\">A influenciadora digital <b>Isabel Veloso<\/b>, de 19 anos, raspou o cabelo pela sexta vez nesta ter\u00e7a-feira, 21, devido ao tratamento contra o c\u00e2ncer. A jovem, diagnosticada com linfoma de Hodgkin em 2021, se prepara agora para um transplante de medula \u00f3ssea.<\/p>\n<p class=\"text\">Durante o tratamento de quimioterapia, Isabel sofreu queda dos fios. No hospital, com ajuda de uma profissional, ela raspou o cabelo. &#8220;Hoje me despedi do meu cabelinho, pela 6\u00aa vez. Mas agora ser\u00e1 a \u00faltima, se Deus quiser&#8221;, compartilhou nas redes sociais.<\/p>\n<p><img loading=\"lazy\" decoding=\"async\" alt=\"Isabel Veloso raspou o cabelo e passar\u00e1 por transplante de medula \u00f3ssea\" class=\"img-9704be90a0911de4a49f6cacfaccf232i019yxvs\" height=\"521\" src=\"https:\/\/www.europesays.com\/pt\/wp-content\/uploads\/2025\/10\/1730595492-l6jxrj4gyzgijkea3ujt7nkube.jpg\"  title=\"Isabel Veloso raspou o cabelo e passar\u00e1 por transplante de medula \u00f3ssea\" width=\"774\"\/><\/p>\n<p>Isabel Veloso raspou o cabelo e passar\u00e1 por transplante de medula \u00f3ssea<\/p>\n<p>Foto: @isabelvelosoo via Instagram \/ Estad\u00e3o<\/p>\n<p class=\"text\">A jovem est\u00e1 internada em Curitiba e passar\u00e1 ainda nesta semana pelo transplante. Tanto seu o pai quanto sua m\u00e3e e a irm\u00e3 eram potenciais doadores, com 50% de compatibilidade da medula, mas a equipe m\u00e9dica optou pela doa\u00e7\u00e3o do pai. &#8220;Eles t\u00eam prefer\u00eancia por homem por n\u00e3o ter o horm\u00f4nio da gesta\u00e7\u00e3o que a mulher tem&#8221;, explicou.<\/p>\n<p class=\"text\">Em maio, Isabel havia informado nas redes sociais que o c\u00e2ncer estava em remiss\u00e3o e que poderia fazer o transplante. At\u00e9 ent\u00e3o, ela recebia cuidados paliativos.<\/p>\n<p>                            <script async src=\"\/\/www.instagram.com\/embed.js\"><\/script><\/p>\n","protected":false},"excerpt":{"rendered":"Influenciadora de 19 anos faz tratamento contra linfoma de Hodgkin; momento foi compartilhado em v\u00eddeo View this post&hellip;\n","protected":false},"author":2,"featured_media":121033,"comment_status":"","ping_status":"","sticky":false,"template":"","format":"standard","meta":{"footnotes":""},"categories":[145],"tags":[211,210,114,115,7733,32,33],"class_list":{"0":"post-121032","1":"post","2":"type-post","3":"status-publish","4":"format-standard","5":"has-post-thumbnail","7":"category-celebridades","8":"tag-celebridades","9":"tag-celebrities","10":"tag-entertainment","11":"tag-entretenimento","12":"tag-isabel-veloso","13":"tag-portugal","14":"tag-pt"},"share_on_mastodon":{"url":"https:\/\/pubeurope.com\/@pt\/115414483990925818","error":""},"_links":{"self":[{"href":"https:\/\/www.europesays.com\/pt\/wp-json\/wp\/v2\/posts\/121032","targetHints":{"allow":["GET"]}}],"collection":[{"href":"https:\/\/www.europesays.com\/pt\/wp-json\/wp\/v2\/posts"}],"about":[{"href":"https:\/\/www.europesays.com\/pt\/wp-json\/wp\/v2\/types\/post"}],"author":[{"embeddable":true,"href":"https:\/\/www.europesays.com\/pt\/wp-json\/wp\/v2\/users\/2"}],"replies":[{"embeddable":true,"href":"https:\/\/www.europesays.com\/pt\/wp-json\/wp\/v2\/comments?post=121032"}],"version-history":[{"count":0,"href":"https:\/\/www.europesays.com\/pt\/wp-json\/wp\/v2\/posts\/121032\/revisions"}],"wp:featuredmedia":[{"embeddable":true,"href":"https:\/\/www.europesays.com\/pt\/wp-json\/wp\/v2\/media\/121033"}],"wp:attachment":[{"href":"https:\/\/www.europesays.com\/pt\/wp-json\/wp\/v2\/media?parent=121032"}],"wp:term":[{"taxonomy":"category","embeddable":true,"href":"https:\/\/www.europesays.com\/pt\/wp-json\/wp\/v2\/categories?post=121032"},{"taxonomy":"post_tag","embeddable":true,"href":"https:\/\/www.europesays.com\/pt\/wp-json\/wp\/v2\/tags?post=121032"}],"curies":[{"name":"wp","href":"https:\/\/api.w.org\/{rel}","templated":true}]}}