{"id":121034,"date":"2025-10-21T22:21:40","date_gmt":"2025-10-21T22:21:40","guid":{"rendered":"https:\/\/www.europesays.com\/pt\/121034\/"},"modified":"2025-10-21T22:21:40","modified_gmt":"2025-10-21T22:21:40","slug":"niteroi-lanca-livro-sobre-parque-orla-na-bienal-de-arquitetura-de-sp-prefeitura-municipal-de-niteroi","status":"publish","type":"post","link":"https:\/\/www.europesays.com\/pt\/121034\/","title":{"rendered":"Niter\u00f3i lan\u00e7a livro sobre Parque Orla na Bienal de Arquitetura de SP \u2013 Prefeitura Municipal de Niter\u00f3i"},"content":{"rendered":"<p>A Prefeitura de Niter\u00f3i encerrou sua participa\u00e7\u00e3o na 14\u00aa Bienal Internacional de Arquitetura de S\u00e3o Paulo com o lan\u00e7amento, no \u00faltimo s\u00e1bado (18), do livro \u201cParque Orla Piratininga Alfredo Sirkis \u2013 Natureza, inova\u00e7\u00e3o e justi\u00e7a socioambiental\u201d, no Parque Ibirapuera, em S\u00e3o Paulo. Ao longo de um m\u00eas, mais de cinco mil pessoas visitaram o estande do munic\u00edpio, que apresentou o trabalho do Programa Regi\u00e3o Sustent\u00e1vel (PRO Sustent\u00e1vel) e a cidade.<\/p>\n<p>A Bienal de Arquitetura de S\u00e3o Paulo, que nesta edi\u00e7\u00e3o abordou a tem\u00e1tica \u201cArquiteturas para um Mundo Quente\u201d, convidou Niter\u00f3i para compartilhar sua experi\u00eancia inovadora. O POP foi apresentado como \u201cuma hist\u00f3ria real de transforma\u00e7\u00e3o: a de um territ\u00f3rio urbano antes degradado, que est\u00e1 em processo de recupera\u00e7\u00e3o a partir de Solu\u00e7\u00f5es Baseadas na Natureza (SbN) e do envolvimento profundo da comunidade\u201d.<\/p>\n<p>\u201cMuito feliz com o lan\u00e7amento desse livro, porque um conhecimento como o que acumulamos na constru\u00e7\u00e3o do POP precisa ser compartilhado. O Parque Orla \u00e9 um grande orgulho de Niter\u00f3i e abriu caminhos para nossos pr\u00f3ximos passos, como a implanta\u00e7\u00e3o do Parque Lagoa de Itaipu\u201d, afirmou a vice-prefeita e secret\u00e1ria do Clima, Defesa Civil e Resili\u00eancia, Isabel Swan.<\/p>\n<p>O estande de Niter\u00f3i contou com maquetes interativas que demostravam o funcionamento de estruturas como os jardins filtrantes, al\u00e9m de apresentar a cidade aos visitantes.<\/p>\n<p>\u201cO POP \u00e9 o maior projeto de SbN no pa\u00eds, e ele \u00e9 t\u00e3o grandioso porque, junto a ele, houve todo um trabalho de investimento nos bairros e comunidades do entorno, que foram beneficiados com obras de infraestrutura e melhorias. Atraiu muita aten\u00e7\u00e3o e foi bastante premiado, por isso acho importante registrarmos essa experi\u00eancia em um livro\u201d, destacou o ex-prefeito e consultor para temas ambientais e do clima de Niter\u00f3i, Axel Grael.<\/p>\n<p>O projeto integra o Programa Regi\u00e3o Oce\u00e2nica Sustent\u00e1vel (PRO Sustent\u00e1vel), que promove a\u00e7\u00f5es voltadas \u00e0 recupera\u00e7\u00e3o de ecossistemas, ao enfrentamento das mudan\u00e7as clim\u00e1ticas e \u00e0 constru\u00e7\u00e3o de uma cidade mais resiliente e sustent\u00e1vel.<\/p>\n<p><strong>Foto: Divulga\u00e7\u00e3o<\/strong><\/p>\n","protected":false},"excerpt":{"rendered":"A Prefeitura de Niter\u00f3i encerrou sua participa\u00e7\u00e3o na 14\u00aa Bienal Internacional de Arquitetura de S\u00e3o Paulo com o&hellip;\n","protected":false},"author":2,"featured_media":121035,"comment_status":"","ping_status":"","sticky":false,"template":"","format":"standard","meta":{"footnotes":""},"categories":[143],"tags":[169,114,115,170,32,33],"class_list":{"0":"post-121034","1":"post","2":"type-post","3":"status-publish","4":"format-standard","5":"has-post-thumbnail","7":"category-livros","8":"tag-books","9":"tag-entertainment","10":"tag-entretenimento","11":"tag-livros","12":"tag-portugal","13":"tag-pt"},"share_on_mastodon":{"url":"https:\/\/pubeurope.com\/@pt\/115414491671403703","error":""},"_links":{"self":[{"href":"https:\/\/www.europesays.com\/pt\/wp-json\/wp\/v2\/posts\/121034","targetHints":{"allow":["GET"]}}],"collection":[{"href":"https:\/\/www.europesays.com\/pt\/wp-json\/wp\/v2\/posts"}],"about":[{"href":"https:\/\/www.europesays.com\/pt\/wp-json\/wp\/v2\/types\/post"}],"author":[{"embeddable":true,"href":"https:\/\/www.europesays.com\/pt\/wp-json\/wp\/v2\/users\/2"}],"replies":[{"embeddable":true,"href":"https:\/\/www.europesays.com\/pt\/wp-json\/wp\/v2\/comments?post=121034"}],"version-history":[{"count":0,"href":"https:\/\/www.europesays.com\/pt\/wp-json\/wp\/v2\/posts\/121034\/revisions"}],"wp:featuredmedia":[{"embeddable":true,"href":"https:\/\/www.europesays.com\/pt\/wp-json\/wp\/v2\/media\/121035"}],"wp:attachment":[{"href":"https:\/\/www.europesays.com\/pt\/wp-json\/wp\/v2\/media?parent=121034"}],"wp:term":[{"taxonomy":"category","embeddable":true,"href":"https:\/\/www.europesays.com\/pt\/wp-json\/wp\/v2\/categories?post=121034"},{"taxonomy":"post_tag","embeddable":true,"href":"https:\/\/www.europesays.com\/pt\/wp-json\/wp\/v2\/tags?post=121034"}],"curies":[{"name":"wp","href":"https:\/\/api.w.org\/{rel}","templated":true}]}}