{"id":121038,"date":"2025-10-21T22:23:10","date_gmt":"2025-10-21T22:23:10","guid":{"rendered":"https:\/\/www.europesays.com\/pt\/121038\/"},"modified":"2025-10-21T22:23:10","modified_gmt":"2025-10-21T22:23:10","slug":"louis-tomlinson-revela-qual-celebridade-mais-despreza-e-motivo-esta-ligado-a-liam-payne","status":"publish","type":"post","link":"https:\/\/www.europesays.com\/pt\/121038\/","title":{"rendered":"Louis Tomlinson revela qual celebridade mais despreza, e motivo est\u00e1 ligado a Liam Payne"},"content":{"rendered":"<p>                                Ler resumo &#13;<\/p>\n<p data-start=\"0\" data-end=\"286\" data-is-last-node=\"\" data-is-only-node=\"\">Louis Tomlinson, ex-One Direction, concedeu entrevista ao The Independent, onde falou sobre a fama, a perda de Liam Payne e revelou qual celebridade mais despreza. A conversa aconteceu com a jornalista Roisin O&#8217;Connor, no \u00faltimo s\u00e1bado (18).<\/p>\n<p>&#13;<\/p>\n<p><a href=\"https:\/\/hugogloss.uol.com.br\/tag\/louis-tomlinson\" target=\"_blank\" rel=\"noopener nofollow\">Louis Tomlinson<\/a> revelou qual celebridade mais despreza. Em entrevista exclusiva para o The Independent, no s\u00e1bado (18), o astro do <a href=\"https:\/\/hugogloss.uol.com.br\/tag\/one-direction\" target=\"_blank\" rel=\"noopener nofollow\">One Direction<\/a> se abriu para Roisin O\u2019Connor sobre sua carreira, a dificuldade de viver no holofotes e como enfrenta a morte do amigo <a href=\"https:\/\/hugogloss.uol.com.br\/tag\/liam-payne\" target=\"_blank\" rel=\"noopener nofollow\">Liam Payne<\/a>.<\/p>\n<p>O cantor escolheu o influenciador <a href=\"https:\/\/hugogloss.uol.com.br\/tag\/logan-paul\" target=\"_blank\" rel=\"noopener nofollow\">Logan Paul<\/a>, dono do podcast \u201cImpaulsive\u201d, como a pessoa mais desprez\u00edvel na ind\u00fastria, e explicou que o motivo da raiva tem a ver com Payne e <a href=\"https:\/\/hugogloss.uol.com.br\/tag\/zayn-malik\" target=\"_blank\" rel=\"noopener nofollow\">Zayn Malik<\/a>, dois ex-colegas de boyband.<\/p>\n<p>\u201cEu desprezo [Logan Paul] para sempre, filh* da p**a horr\u00edvel, horr\u00edvel. Acho que esse tamb\u00e9m \u00e9 o problema com algumas dessas novas \u2018m\u00eddias\u2019. Eu gostaria de pensar que a maioria dos jornalistas, quer dizer, alguns jornalistas t\u00eam o dever de cuidar\u201d, explicou Tomlinson.<\/p>\n<p> <img loading=\"lazy\" decoding=\"async\" class=\"wp-image-1189499 size-medium img-fluid lazy\" alt=\"Liam Payne Logan Paul\" width=\"617\" height=\"341\" src=\"https:\/\/www.europesays.com\/pt\/wp-content\/uploads\/2025\/10\/Liam-Payne-Logan-Paul-617x341.jpg\"  \/>Liam Payne durante participa\u00e7\u00e3o no podcast \u201cImpaulsive\u201d, de Logan Paul. (\ud83d\udcf8: Reprodu\u00e7\u00e3o\/IMPAULSIVE) <\/p>\n<p>Em 2022, Payne foi entrevistado por Logan Paul no podcast. Por conta do epis\u00f3dio, ele recebeu diversas cr\u00edticas ap\u00f3s ter feito coment\u00e1rios considerados \u201carrogantes\u201d sobre seu papel na banda e outros fatores relacionados ao ambiente interno do grupo.<\/p>\n<p>Ele disse que <a href=\"https:\/\/hugogloss.uol.com.br\/tag\/simon-cowell\" target=\"_blank\" rel=\"noopener nofollow\">Simon Cowell<\/a> formou o One Direction em torno dele e, em seguida, fez pondera\u00e7\u00f5es sobre outros integrantes do grupo. Sobre Louis, por exemplo, o falecido cantor disse que eles se tornaram \u201cmelhores amigos\u201d, mas que inicialmente n\u00e3o gostavam um do outro. J\u00e1 a respeito de Zayn, ele disse que havia muitas raz\u00f5es para n\u00e3o gostar do ex-companheiro de banda. Ap\u00f3s as declara\u00e7\u00f5es, Liam se desculpou com os f\u00e3s por meio de um comunicado e se internou por 100 dias em uma cl\u00ednica de reabilita\u00e7\u00e3o.<\/p>\n<p>Grande parte da indigna\u00e7\u00e3o dos seguidores da boyband pareceu ser motivada pelas alega\u00e7\u00f5es de Payne de que ele era o l\u00edder da banda. No entanto, Louis confirmou ao The Independent que esse era, de fato, o caso. \u201cEra definitivamente um papel que lhe foi atribu\u00eddo. Essa \u00e9 a verdade\u201d, revelou.<\/p>\n<p>Louis tamb\u00e9m foi questionado sobre as melhores lembran\u00e7as que guarda dos tempos em que convivia com o integrante do 1D. \u201cForam tantas. Momentos reais e divertidos. Liam sempre me divertia. Se eu estivesse entediado e quisesse rir, ele interpretava esse papel\u201d, disse ele, sorrindo.<\/p>\n<p> Continua depois da Publicidade <\/p>\n<p>Segundo Tomlinson, o amigo sempre estava presente quando era solicitado, como fez na estreia do document\u00e1rio \u201cAll of Those Voices\u201d, em 2023, sobre sua vida depois do One Direction, ou quando foi seu convidado especial no The X Factor, em 2018.<\/p>\n<p>                                                                    <a id=\"google-news\" class=\"google-news\" href=\"https:\/\/news.google.com\/publications\/CAAqBwgKMM6ViAswv82GAw?ceid=BR:pt-419&amp;amp;oc=3&amp;amp;hl=pt-BR&amp;amp;gl=BR\" target=\"_blank\" rel=\"nofollow noopener\"><\/p>\n<p>                                            Siga a <strong> Hugo Gloss no Google News<\/strong> e acompanhe nossos destaques<\/p>\n<p>                                    <\/a><\/p>\n","protected":false},"excerpt":{"rendered":"Ler resumo &#13; Louis Tomlinson, ex-One Direction, concedeu entrevista ao The Independent, onde falou sobre a fama, a&hellip;\n","protected":false},"author":2,"featured_media":121039,"comment_status":"","ping_status":"","sticky":false,"template":"","format":"standard","meta":{"footnotes":""},"categories":[141],"tags":[114,115,998,28024,999,149,150,32,33],"class_list":{"0":"post-121038","1":"post","2":"type-post","3":"status-publish","4":"format-standard","5":"has-post-thumbnail","7":"category-musica","8":"tag-entertainment","9":"tag-entretenimento","10":"tag-liam-payne","11":"tag-logan-paul","12":"tag-louis-tomlinson","13":"tag-music","14":"tag-musica","15":"tag-portugal","16":"tag-pt"},"share_on_mastodon":{"url":"https:\/\/pubeurope.com\/@pt\/115414500119837438","error":""},"_links":{"self":[{"href":"https:\/\/www.europesays.com\/pt\/wp-json\/wp\/v2\/posts\/121038","targetHints":{"allow":["GET"]}}],"collection":[{"href":"https:\/\/www.europesays.com\/pt\/wp-json\/wp\/v2\/posts"}],"about":[{"href":"https:\/\/www.europesays.com\/pt\/wp-json\/wp\/v2\/types\/post"}],"author":[{"embeddable":true,"href":"https:\/\/www.europesays.com\/pt\/wp-json\/wp\/v2\/users\/2"}],"replies":[{"embeddable":true,"href":"https:\/\/www.europesays.com\/pt\/wp-json\/wp\/v2\/comments?post=121038"}],"version-history":[{"count":0,"href":"https:\/\/www.europesays.com\/pt\/wp-json\/wp\/v2\/posts\/121038\/revisions"}],"wp:featuredmedia":[{"embeddable":true,"href":"https:\/\/www.europesays.com\/pt\/wp-json\/wp\/v2\/media\/121039"}],"wp:attachment":[{"href":"https:\/\/www.europesays.com\/pt\/wp-json\/wp\/v2\/media?parent=121038"}],"wp:term":[{"taxonomy":"category","embeddable":true,"href":"https:\/\/www.europesays.com\/pt\/wp-json\/wp\/v2\/categories?post=121038"},{"taxonomy":"post_tag","embeddable":true,"href":"https:\/\/www.europesays.com\/pt\/wp-json\/wp\/v2\/tags?post=121038"}],"curies":[{"name":"wp","href":"https:\/\/api.w.org\/{rel}","templated":true}]}}