{"id":121042,"date":"2025-10-21T22:25:14","date_gmt":"2025-10-21T22:25:14","guid":{"rendered":"https:\/\/www.europesays.com\/pt\/121042\/"},"modified":"2025-10-21T22:25:14","modified_gmt":"2025-10-21T22:25:14","slug":"foi-sugerido-ao-fc-porto-por-jan-bednarek-e-fechou-a-renovacao-de-contrato-com-o-aston-villa","status":"publish","type":"post","link":"https:\/\/www.europesays.com\/pt\/121042\/","title":{"rendered":"Foi sugerido ao FC Porto por Jan Bednarek e fechou a renova\u00e7\u00e3o de contrato com o Aston Villa"},"content":{"rendered":"<p>&#8211; Advertisement &#8211;<\/p>\n<p>Jan Bednarek <a href=\"https:\/\/bolanarede.pt\/especial-bola-na-rede\/atualidade\/jan-bednarek-quer-contar-com-craque-da-premier-league-no-fc-porto\/\" target=\"_blank\" rel=\"noreferrer noopener nofollow\">sugeriu a contrata\u00e7\u00e3o de Matty Cash ao FC Porto<\/a>, mas esta ficou ainda mais complicada. De acordo com Fabrizio Romano, o lateral chegou a acordo para a renova\u00e7\u00e3o de contrato com os villains. <\/p>\n<p>A mesma fonte garante que Matty Cash renovou contrato at\u00e9 2029 com o Aston Villa, com possibilidade de estender a sua liga\u00e7\u00e3o ao clube at\u00e9 2029. Considerado uma pe\u00e7a importante pelo clube, o polaco vai assim continuar nos ingleses.<\/p>\n<p>Matty Cash tem 28 anos e esta temporada realizou 11 jogos nos quais marcou um golo. <\/p>\n<blockquote class=\"twitter-tweet\" data-width=\"550\" data-dnt=\"true\">\n<p lang=\"en\" dir=\"ltr\">\ud83d\udea8\ud83d\udfe3\ud83d\udd35 Matty Cash has agreed to sign new deal at Aston Villa until June 2029 with an option to extend until 2030.<\/p>\n<p>Seen as key player by <a href=\"https:\/\/twitter.com\/hashtag\/AVFC?src=hash&amp;ref_src=twsrc%5Etfw\" rel=\"nofollow noopener\" target=\"_blank\">#AVFC<\/a> hierarchy and staff, documents will be signed this week. <a href=\"https:\/\/t.co\/XInGAvU607\" rel=\"nofollow\">pic.twitter.com\/XInGAvU607<\/a><\/p>\n<p>\u2014 Fabrizio Romano (@FabrizioRomano) <a href=\"https:\/\/twitter.com\/FabrizioRomano\/status\/1980643615732035649?ref_src=twsrc%5Etfw\" rel=\"nofollow noopener\" target=\"_blank\">October 21, 2025<\/a><\/p><\/blockquote>\n<p><script async src=\"https:\/\/platform.twitter.com\/widgets.js\" charset=\"utf-8\"><\/script><\/p>\n","protected":false},"excerpt":{"rendered":"&#8211; Advertisement &#8211; Jan Bednarek sugeriu a contrata\u00e7\u00e3o de Matty Cash ao FC Porto, mas esta ficou ainda&hellip;\n","protected":false},"author":2,"featured_media":121043,"comment_status":"","ping_status":"","sticky":false,"template":"","format":"standard","meta":{"footnotes":""},"categories":[87],"tags":[1411,260,135,25019,32,666,33,134],"class_list":{"0":"post-121042","1":"post","2":"type-post","3":"status-publish","4":"format-standard","5":"has-post-thumbnail","7":"category-desporto","8":"tag-aston-villa","9":"tag-atualidade","10":"tag-desporto","11":"tag-matty-cash","12":"tag-portugal","13":"tag-premier-league","14":"tag-pt","15":"tag-sports"},"share_on_mastodon":{"url":"https:\/\/pubeurope.com\/@pt\/115414507527227579","error":""},"_links":{"self":[{"href":"https:\/\/www.europesays.com\/pt\/wp-json\/wp\/v2\/posts\/121042","targetHints":{"allow":["GET"]}}],"collection":[{"href":"https:\/\/www.europesays.com\/pt\/wp-json\/wp\/v2\/posts"}],"about":[{"href":"https:\/\/www.europesays.com\/pt\/wp-json\/wp\/v2\/types\/post"}],"author":[{"embeddable":true,"href":"https:\/\/www.europesays.com\/pt\/wp-json\/wp\/v2\/users\/2"}],"replies":[{"embeddable":true,"href":"https:\/\/www.europesays.com\/pt\/wp-json\/wp\/v2\/comments?post=121042"}],"version-history":[{"count":0,"href":"https:\/\/www.europesays.com\/pt\/wp-json\/wp\/v2\/posts\/121042\/revisions"}],"wp:featuredmedia":[{"embeddable":true,"href":"https:\/\/www.europesays.com\/pt\/wp-json\/wp\/v2\/media\/121043"}],"wp:attachment":[{"href":"https:\/\/www.europesays.com\/pt\/wp-json\/wp\/v2\/media?parent=121042"}],"wp:term":[{"taxonomy":"category","embeddable":true,"href":"https:\/\/www.europesays.com\/pt\/wp-json\/wp\/v2\/categories?post=121042"},{"taxonomy":"post_tag","embeddable":true,"href":"https:\/\/www.europesays.com\/pt\/wp-json\/wp\/v2\/tags?post=121042"}],"curies":[{"name":"wp","href":"https:\/\/api.w.org\/{rel}","templated":true}]}}