{"id":121046,"date":"2025-10-21T22:27:10","date_gmt":"2025-10-21T22:27:10","guid":{"rendered":"https:\/\/www.europesays.com\/pt\/121046\/"},"modified":"2025-10-21T22:27:10","modified_gmt":"2025-10-21T22:27:10","slug":"ines-estava-disposta-a-terminar-a-relacao-ca-fora-vera-expoe-conversa-intima-que-teve-com-a-concorrente-secret-story","status":"publish","type":"post","link":"https:\/\/www.europesays.com\/pt\/121046\/","title":{"rendered":"In\u00eas estava disposta a terminar a rela\u00e7\u00e3o c\u00e1 fora? Vera exp\u00f5e conversa \u00edntima que teve com a concorrente &#8211; Secret Story"},"content":{"rendered":"<p><strong>Vera <a href=\"https:\/\/tvi.iol.pt\/secretstory\/vera\/filhas\/o-reencontro-mais-esperado-e-que-originou-o-caos-no-secret-story-e-isto-que-vera-vai-dizer-as-filhas\" rel=\"nofollow noopener\" target=\"_blank\">foi expulsa do Secret Story 9 depois de ter perdido a cabe\u00e7a com Dylan<\/a>.<\/strong> Esta manh\u00e3, a ex-concorrente esteve no<strong> Dois \u00e0s 10, da TVI,\u00a0<\/strong>e falou sobre a rela\u00e7\u00e3o com In\u00eas, que tanto deu que falar dentro da casa.<\/p>\n<p>A assistente dent\u00e1ria, de 34 anos, <a href=\"https:\/\/tvi.iol.pt\/secretstory\/ines\/vera\/entrou-com-namorado-mas-esta-na-mira-de-dois-concorrentes-e-nao-e-liliana\" rel=\"nofollow noopener\" target=\"_blank\">confidenciou que In\u00eas lhe ter\u00e1 dito<\/a>, numa conversa privada, que In\u00eas pensou em terminar a rela\u00e7\u00e3o que tem fora da casa.<strong> Vera confessou que In\u00eas n\u00e3o lhe disse abertamente que tamb\u00e9m gostava da amiga \u00abdevido \u00e0 exposi\u00e7\u00e3o\u00bb, mas sentiu que havia essa vontade da parte dela.<\/strong><\/p>\n<p><a href=\"https:\/\/tvi.iol.pt\/secretstory\/vera\/secret-story\/vera-revela-segredo-ligado-a-cantor-famoso-e-explica-por-que-razao-ele-tem-uma-versao-diferente\" rel=\"nofollow noopener\" target=\"_blank\">Vera explicou que n\u00e3o ficou magoada por In\u00eas n\u00e3o ter assumido o que sentia e foi ent\u00e3o que fez uma revela\u00e7\u00e3o \u00fanica<\/a>: <strong>\u00abTanto \u00e9 que ela chegou uma vez a comentar comigo,<\/strong> da forma que a gente sabe,<strong> que iria falar com a Voz e p\u00f4r t\u00e9rmino \u00e0 rela\u00e7\u00e3o dela,<\/strong> que ela tamb\u00e9m queria mostrar um pouco mais da In\u00eas\u00bb.<\/p>\n<p>Cristina Ferreira n\u00e3o hesitou em perguntar: \u00ab<strong>Portanto, ela equacionou j\u00e1 terminar a rela\u00e7\u00e3o dela c\u00e1 fora?<\/strong>\u00bb. Vera justificou: \u00ab<strong>Ela chegou a falar comigo sobre isso\u00bb<\/strong>. A concorrente garantiu ainda que In\u00eas lhe dava alguma esperan\u00e7a sobre uma eventual rela\u00e7\u00e3o. \u00abAcredito mais especificamente ao assunto eu e In\u00eas que a exposi\u00e7\u00e3o, para ela, ia ser muito dif\u00edcil\u00bb, disse.<\/p>\n<p><strong>Veja aqui o v\u00eddeo do momento:<\/strong><\/p>\n","protected":false},"excerpt":{"rendered":"Vera foi expulsa do Secret Story 9 depois de ter perdido a cabe\u00e7a com Dylan. Esta manh\u00e3, a&hellip;\n","protected":false},"author":2,"featured_media":121047,"comment_status":"","ping_status":"","sticky":false,"template":"","format":"standard","meta":{"footnotes":""},"categories":[85],"tags":[114,115,15353,18800,32,33,5870,162,11841,18801],"class_list":{"0":"post-121046","1":"post","2":"type-post","3":"status-publish","4":"format-standard","5":"has-post-thumbnail","7":"category-entretenimento","8":"tag-entertainment","9":"tag-entretenimento","10":"tag-ines","11":"tag-momentos-virais-secret-story","12":"tag-portugal","13":"tag-pt","14":"tag-relacao","15":"tag-tvi","16":"tag-vera","17":"tag-videos-virais-concorrentes"},"share_on_mastodon":{"url":"https:\/\/pubeurope.com\/@pt\/115414515262106120","error":""},"_links":{"self":[{"href":"https:\/\/www.europesays.com\/pt\/wp-json\/wp\/v2\/posts\/121046","targetHints":{"allow":["GET"]}}],"collection":[{"href":"https:\/\/www.europesays.com\/pt\/wp-json\/wp\/v2\/posts"}],"about":[{"href":"https:\/\/www.europesays.com\/pt\/wp-json\/wp\/v2\/types\/post"}],"author":[{"embeddable":true,"href":"https:\/\/www.europesays.com\/pt\/wp-json\/wp\/v2\/users\/2"}],"replies":[{"embeddable":true,"href":"https:\/\/www.europesays.com\/pt\/wp-json\/wp\/v2\/comments?post=121046"}],"version-history":[{"count":0,"href":"https:\/\/www.europesays.com\/pt\/wp-json\/wp\/v2\/posts\/121046\/revisions"}],"wp:featuredmedia":[{"embeddable":true,"href":"https:\/\/www.europesays.com\/pt\/wp-json\/wp\/v2\/media\/121047"}],"wp:attachment":[{"href":"https:\/\/www.europesays.com\/pt\/wp-json\/wp\/v2\/media?parent=121046"}],"wp:term":[{"taxonomy":"category","embeddable":true,"href":"https:\/\/www.europesays.com\/pt\/wp-json\/wp\/v2\/categories?post=121046"},{"taxonomy":"post_tag","embeddable":true,"href":"https:\/\/www.europesays.com\/pt\/wp-json\/wp\/v2\/tags?post=121046"}],"curies":[{"name":"wp","href":"https:\/\/api.w.org\/{rel}","templated":true}]}}