{"id":121077,"date":"2025-10-21T22:47:25","date_gmt":"2025-10-21T22:47:25","guid":{"rendered":"https:\/\/www.europesays.com\/pt\/121077\/"},"modified":"2025-10-21T22:47:25","modified_gmt":"2025-10-21T22:47:25","slug":"angelica-abre-o-jogo-sobre-o-casamento-com-luciano-huck-muita-r","status":"publish","type":"post","link":"https:\/\/www.europesays.com\/pt\/121077\/","title":{"rendered":"Ang\u00e9lica abre o jogo sobre o casamento com Luciano Huck: &#8220;Muita r"},"content":{"rendered":"<p>A apresentadora <a href=\"https:\/\/www.otempo.com.br\/super-noticia\/famosos\/2025\/10\/21\/angelica-abre-o-jogo-sobre-pressao-para-voltar-a-tv-sou-muito-cobrada\" rel=\"nofollow noopener\" target=\"_blank\"><strong>Ang\u00e9lica<\/strong><\/a>, de 51 anos, abriu o jogo sobre os altos e baixos de seu casamento com <a href=\"https:\/\/www.otempo.com.br\/entretenimento\/2025\/10\/14\/luciano-huck-surpreende-e-resgata-quadro-de-sucesso-da-globo-saiba-qual\" rel=\"nofollow noopener\" target=\"_blank\"><strong>Luciano Huck<\/strong><\/a>. Durante sua participa\u00e7\u00e3o no programa <strong>&#8216;Mais Voc\u00ea&#8217;, <\/strong>de <strong>Ana Maria Braga<\/strong>, a comunicadora refletiu sobre o relacionamento e disse que tudo pode ser resolvido atrav\u00e9s do di\u00e1logo.<\/p>\n<p>&#8220;A gente decidiu que queria estar junto. Muita resili\u00eancia tamb\u00e9m. Tem momentos que voc\u00ea est\u00e1 amando muito, tem momentos que ama menos. E ama de novo&#8221;, falou ela.<\/p>\n<p>&#8220;E n\u00e3o desistir. O amor da gente vale a pena. Quando a coisa fica esquisita, a gente para, pensa tudo, reflete e conversa&#8221;, acrescentou.<\/p>\n<p>Vale destacar que <strong>Ang\u00e9lica e Luciano Huck <\/strong>est\u00e3o casados h\u00e1 20 anos. Do relacionamento, o casal teve <strong>Joaquim, Ben\u00edcio e Eva<\/strong> como filhos.<\/p>\n<p>\u00a0<\/p>\n<blockquote class=\"twitter-tweet\" data-media-max-width=\"560\"><p>&#13;<\/p>\n<p dir=\"ltr\" lang=\"pt\">Que amor \ud83e\udd79 <a href=\"https:\/\/twitter.com\/angelicaksy?ref_src=twsrc%5Etfw\" rel=\"nofollow noopener\" target=\"_blank\">@angelicaksy<\/a> fala sobre sua maternidade e o que falaria pra ela mesma na primeira gesta\u00e7\u00e3o \u2665\ufe0f <a href=\"https:\/\/twitter.com\/hashtag\/MaisVoc%C3%AA?src=hash&amp;ref_src=twsrc%5Etfw\" rel=\"nofollow noopener\" target=\"_blank\">#MaisVoc\u00ea<\/a> <a href=\"https:\/\/t.co\/bJNVRocQxA\" rel=\"nofollow\">pic.twitter.com\/bJNVRocQxA<\/a><\/p>\n<p>&#13;<br \/>\n\u2014 gl\u00f4 maria das gra\u00e7as \ud83d\udcfa (@tvglobo) <a href=\"https:\/\/twitter.com\/tvglobo\/status\/1980635575922069676?ref_src=twsrc%5Etfw\" rel=\"nofollow noopener\" target=\"_blank\">October 21, 2025<\/a><\/p><\/blockquote>\n<p>            <script async src=\"https:\/\/platform.twitter.com\/widgets.js\" charset=\"utf-8\"><\/script><\/p>\n","protected":false},"excerpt":{"rendered":"A apresentadora Ang\u00e9lica, de 51 anos, abriu o jogo sobre os altos e baixos de seu casamento com&hellip;\n","protected":false},"author":2,"featured_media":121078,"comment_status":"","ping_status":"","sticky":false,"template":"","format":"standard","meta":{"footnotes":""},"categories":[145],"tags":[13885,211,210,114,115,2815,32,33],"class_list":{"0":"post-121077","1":"post","2":"type-post","3":"status-publish","4":"format-standard","5":"has-post-thumbnail","7":"category-celebridades","8":"tag-angelica","9":"tag-celebridades","10":"tag-celebrities","11":"tag-entertainment","12":"tag-entretenimento","13":"tag-luciano-huck","14":"tag-portugal","15":"tag-pt"},"share_on_mastodon":{"url":"https:\/\/pubeurope.com\/@pt\/115414593865936486","error":""},"_links":{"self":[{"href":"https:\/\/www.europesays.com\/pt\/wp-json\/wp\/v2\/posts\/121077","targetHints":{"allow":["GET"]}}],"collection":[{"href":"https:\/\/www.europesays.com\/pt\/wp-json\/wp\/v2\/posts"}],"about":[{"href":"https:\/\/www.europesays.com\/pt\/wp-json\/wp\/v2\/types\/post"}],"author":[{"embeddable":true,"href":"https:\/\/www.europesays.com\/pt\/wp-json\/wp\/v2\/users\/2"}],"replies":[{"embeddable":true,"href":"https:\/\/www.europesays.com\/pt\/wp-json\/wp\/v2\/comments?post=121077"}],"version-history":[{"count":0,"href":"https:\/\/www.europesays.com\/pt\/wp-json\/wp\/v2\/posts\/121077\/revisions"}],"wp:featuredmedia":[{"embeddable":true,"href":"https:\/\/www.europesays.com\/pt\/wp-json\/wp\/v2\/media\/121078"}],"wp:attachment":[{"href":"https:\/\/www.europesays.com\/pt\/wp-json\/wp\/v2\/media?parent=121077"}],"wp:term":[{"taxonomy":"category","embeddable":true,"href":"https:\/\/www.europesays.com\/pt\/wp-json\/wp\/v2\/categories?post=121077"},{"taxonomy":"post_tag","embeddable":true,"href":"https:\/\/www.europesays.com\/pt\/wp-json\/wp\/v2\/tags?post=121077"}],"curies":[{"name":"wp","href":"https:\/\/api.w.org\/{rel}","templated":true}]}}