{"id":121086,"date":"2025-10-21T22:54:08","date_gmt":"2025-10-21T22:54:08","guid":{"rendered":"https:\/\/www.europesays.com\/pt\/121086\/"},"modified":"2025-10-21T22:54:08","modified_gmt":"2025-10-21T22:54:08","slug":"mais-de-12-milhoes-de-utentes-vacinados-contra-a-gripe-observador","status":"publish","type":"post","link":"https:\/\/www.europesays.com\/pt\/121086\/","title":{"rendered":"Mais de 1,2 milh\u00f5es de utentes vacinados contra a gripe \u2013 Observador"},"content":{"rendered":"<p>Mais de 1,2 milh\u00f5es de vacinas contra a gripe j\u00e1 foram administradas desde que arrancou a campanha de vacina\u00e7\u00e3o sazonal, enquanto 716 mil pessoas foram vacinadas contra a Covid-19, segundo dados oficiais esta ter\u00e7a-feira divulgados.<\/p>\n<p>Do total de vacinas contra a Covid-19, 367.006 foram administradas em farm\u00e1cias e 349.258 em estabelecimentos do Servi\u00e7o Nacional de Sa\u00fade.<\/p>\n<p>Na vacina\u00e7\u00e3o contra a gripe, 616.694 doses foram administradas em farm\u00e1cias e 592.429 em estabelecimentos do Servi\u00e7o Nacional de Sa\u00fade.<\/p>\n<p>Segundo n\u00fameros da Dire\u00e7\u00e3o-Geral da Sa\u00fade, desde o arranque da campanha, em 23 de setembro, mais de <strong>50% das pessoas com 85 ou mais anos<\/strong> j\u00e1 se encontravam vacinadas contra a gripe, grupo et\u00e1rio que beneficia de vacina\u00e7\u00e3o gratuita com a vacina contra a gripe de dose elevada. No caso da Covid-19, a cobertura vacinal deste grupo et\u00e1rio \u00e9 de <strong>35,95%.<\/strong><\/p>\n","protected":false},"excerpt":{"rendered":"Mais de 1,2 milh\u00f5es de vacinas contra a gripe j\u00e1 foram administradas desde que arrancou a campanha de&hellip;\n","protected":false},"author":2,"featured_media":121087,"comment_status":"","ping_status":"","sticky":false,"template":"","format":"standard","meta":{"footnotes":""},"categories":[86],"tags":[9731,1418,116,32,33,2946,6824,117],"class_list":{"0":"post-121086","1":"post","2":"type-post","3":"status-publish","4":"format-standard","5":"has-post-thumbnail","7":"category-saude","8":"tag-coronavu00edrus","9":"tag-gripe","10":"tag-health","11":"tag-portugal","12":"tag-pt","13":"tag-sau00fade","14":"tag-sau00fade-pu00fablica","15":"tag-saude"},"share_on_mastodon":{"url":"https:\/\/pubeurope.com\/@pt\/115414621631169541","error":""},"_links":{"self":[{"href":"https:\/\/www.europesays.com\/pt\/wp-json\/wp\/v2\/posts\/121086","targetHints":{"allow":["GET"]}}],"collection":[{"href":"https:\/\/www.europesays.com\/pt\/wp-json\/wp\/v2\/posts"}],"about":[{"href":"https:\/\/www.europesays.com\/pt\/wp-json\/wp\/v2\/types\/post"}],"author":[{"embeddable":true,"href":"https:\/\/www.europesays.com\/pt\/wp-json\/wp\/v2\/users\/2"}],"replies":[{"embeddable":true,"href":"https:\/\/www.europesays.com\/pt\/wp-json\/wp\/v2\/comments?post=121086"}],"version-history":[{"count":0,"href":"https:\/\/www.europesays.com\/pt\/wp-json\/wp\/v2\/posts\/121086\/revisions"}],"wp:featuredmedia":[{"embeddable":true,"href":"https:\/\/www.europesays.com\/pt\/wp-json\/wp\/v2\/media\/121087"}],"wp:attachment":[{"href":"https:\/\/www.europesays.com\/pt\/wp-json\/wp\/v2\/media?parent=121086"}],"wp:term":[{"taxonomy":"category","embeddable":true,"href":"https:\/\/www.europesays.com\/pt\/wp-json\/wp\/v2\/categories?post=121086"},{"taxonomy":"post_tag","embeddable":true,"href":"https:\/\/www.europesays.com\/pt\/wp-json\/wp\/v2\/tags?post=121086"}],"curies":[{"name":"wp","href":"https:\/\/api.w.org\/{rel}","templated":true}]}}