{"id":121096,"date":"2025-10-21T22:59:15","date_gmt":"2025-10-21T22:59:15","guid":{"rendered":"https:\/\/www.europesays.com\/pt\/121096\/"},"modified":"2025-10-21T22:59:15","modified_gmt":"2025-10-21T22:59:15","slug":"quem-e-a-juiza-do-caso-da-morte-de-odair-observador","status":"publish","type":"post","link":"https:\/\/www.europesays.com\/pt\/121096\/","title":{"rendered":"Quem \u00e9 a ju\u00edza do caso da morte de Odair? \u2013 Observador"},"content":{"rendered":"<p>\u201cTenho boa impress\u00e3o da magistrada, tanto no trato com todos como na quest\u00e3o formal\u201d, explica outro advogado que j\u00e1 \u2018enfrentou\u2019 a ju\u00edza. Sem entrar em compara\u00e7\u00f5es com Catarina Pires \u2014 a magistrada que iria assumir o julgamento, n\u00e3o fosse a coloca\u00e7\u00e3o em Loures, e que com o caso de Cl\u00e1udia Sim\u00f5es ganhou maior exposi\u00e7\u00e3o medi\u00e1tica \u2014, um juiz diz que Ana Sequeira \u00e9 \u201cbastante tranquila\u201d, tanto dentro das salas de audi\u00eancia como fora delas.<\/p>\n<p>No entanto, sob anonimato, h\u00e1 quem trace diferen\u00e7as \u00f3bvias entre a ju\u00edza Catarina Pires e a magistrada que a substitui, apontando a segunda como \u201cmais tranquila\u201d. A ju\u00edza mais experiente acumula um historial mais recheado de casos medi\u00e1ticos, com o mais recente a ser mesmo esse caso que envolveu Cl\u00e1udia Sim\u00f5es e agentes da PSP \u2014 no qual a sua decis\u00e3o, em Sintra, acabou parcialmente revertida pelo Tribunal da Rela\u00e7\u00e3o. Catarina Pires tinha absolvido o agente da PSP de agress\u00f5es \u00e0 passageira de um autocarro.<\/p>\n<p>\u201cConsideramos esta decis\u00e3o n\u00e3o apenas justa, mas hist\u00f3rica. \u00c9 um sinal claro de que a viol\u00eancia policial n\u00e3o fica impune. \u00c9, sobretudo, uma vit\u00f3ria para Cl\u00e1udia Sim\u00f5es mas, tamb\u00e9m, uma mensagem para todas as v\u00edtimas de viol\u00eancia policial de que podem confiar nos nossos tribunais\u201d, defenderam as advogadas de Cl\u00e1udia Sim\u00f5es, Leonor Caldeira e Lu\u00edsa Teixeira da Mota, depois da revers\u00e3o parcial que culminou na condena\u00e7\u00e3o do agente da PSP, por c\u00famulo jur\u00eddico, numa pena suspensa de cinco anos.<\/p>\n<p><strong>[A 14 de janeiro de 1986 um acontecimento muda o rumo da campanha das presidenciais: a inesperada agress\u00e3o a Soares na Marinha Grande. Nas urnas, o socialista e Zenha lutam por um lugar na segunda volta frente a Freitas.\u00a0<\/strong><strong>A\u00a0<a href=\"https:\/\/observador.pt\/programas\/a-eleio-mais-louca-de-sempre\/episodio-4-portugal-nao-e-moscovo\/\" rel=\"nofollow noopener\" target=\"_blank\">\u201cElei\u00e7\u00e3o Mais Louca de Sempre\u201d<\/a>\u00a0\u00e9 o novo Podcast Plus do Observador sobre as Presidenciais de 1986. Uma s\u00e9rie narrada pelo ator Gon\u00e7alo Waddington, com banda sonora original de Samuel \u00daria. Pode ouvir\u00a0<a href=\"https:\/\/observador.pt\/programas\/a-eleio-mais-louca-de-sempre\/episodio-4-portugal-nao-e-moscovo\/\" rel=\"nofollow noopener\" target=\"_blank\">aqui<\/a>, no\u00a0Observador, e tamb\u00e9m na\u00a0<a href=\"https:\/\/podcasts.apple.com\/pt\/podcast\/epis%C3%B3dio-4-portugal-n%C3%A3o-%C3%A9-moscovo\/id1841273464?i=1000732704045\" rel=\"nofollow noopener\" target=\"_blank\">Apple Podcasts<\/a>, no\u00a0<a href=\"https:\/\/open.spotify.com\/episode\/2SQPr5qiggrruRId3AGmaa?si=4da7e55fbfa04153\" rel=\"nofollow noopener\" target=\"_blank\">Spotify<\/a>\u00a0e no\u00a0<a href=\"https:\/\/music.youtube.com\/watch?v=lwRI8iL_ZKI&amp;si=LeJjFBTc0_lsQ8FS\" rel=\"nofollow noopener\" target=\"_blank\">Youtube Music<\/a>. E pode ouvir o primeiro epis\u00f3dio\u00a0<a href=\"https:\/\/observador.pt\/programas\/a-eleio-mais-louca-de-sempre\/estreia-a-eleicao-mais-louca-de-sempre-episodio-1-apostamos-no-cavalo-errado\/\" rel=\"nofollow noopener\" target=\"_blank\">aqui<\/a>, o segundo\u00a0<a href=\"https:\/\/observador.pt\/programas\/a-eleio-mais-louca-de-sempre\/episodio-2-uma-traicao-inesperada\/\" rel=\"nofollow noopener\" target=\"_blank\">aqui<\/a>\u00a0e o terceiro\u00a0<a href=\"https:\/\/observador.pt\/programas\/a-eleio-mais-louca-de-sempre\/episodio-3-ele-nao-e-meu-irmao\/\" rel=\"nofollow noopener\" target=\"_blank\">aqui<\/a>.]<\/strong><\/p>\n<p><a href=\"https:\/\/observador.pt\/programas\/a-eleio-mais-louca-de-sempre\/episodio-4-portugal-nao-e-moscovo\/\" rel=\"nofollow noopener\" target=\"_blank\"><\/p>\n<p>        <img src=\"https:\/\/www.europesays.com\/pt\/wp-content\/uploads\/2025\/10\/770-a-eleicao-mais-louca-de-sempre-playicon.png\" alt=\"\" loading=\"lazy\" decoding=\"async\" class=\"alignnone\" onload=\"this.parentElement.classList.remove('spinner')\" onerror=\"this.parentElement.classList.remove('spinner')\" width=\"770\" height=\"433\"\/>    <\/p>\n<p><\/a><\/p>\n<p>Sobre o caso que vai esta semana a tribunal, outro advogado com experi\u00eancia na \u00e1rea criminal remata: \u201cN\u00e3o acredito que este seja daqueles casos que exige grande prepara\u00e7\u00e3o pr\u00e9via\u201d, comparando com casos \u201cecon\u00f3micos\u201d, em que h\u00e1 \u201cmat\u00e9ria mais densa e muito t\u00e9cnica\u201d. \u201cO que interessa \u00e9 estar atento, ouvir a prova e depois decidir \u2014 que \u00e9 o mais dif\u00edcil\u201d.<\/p>\n","protected":false},"excerpt":{"rendered":"\u201cTenho boa impress\u00e3o da magistrada, tanto no trato com todos como na quest\u00e3o formal\u201d, explica outro advogado que&hellip;\n","protected":false},"author":2,"featured_media":121097,"comment_status":"","ping_status":"","sticky":false,"template":"","format":"standard","meta":{"footnotes":""},"categories":[10],"tags":[27,28,604,15,16,14,300,25,26,797,21,22,12,13,19,20,57,2003,32,23,24,1306,33,2004,1913,58,17,18,299,29,30,31],"class_list":{"0":"post-121096","1":"post","2":"type-post","3":"status-publish","4":"format-standard","5":"has-post-thumbnail","7":"category-portugal","8":"tag-breaking-news","9":"tag-breakingnews","10":"tag-crime","11":"tag-featured-news","12":"tag-featurednews","13":"tag-headlines","14":"tag-justiu00e7a","15":"tag-latest-news","16":"tag-latestnews","17":"tag-lisboa","18":"tag-main-news","19":"tag-mainnews","20":"tag-news","21":"tag-noticias","22":"tag-noticias-principais","23":"tag-noticiasprincipais","24":"tag-pau00eds","25":"tag-polu00edcia","26":"tag-portugal","27":"tag-principais-noticias","28":"tag-principaisnoticias","29":"tag-psp","30":"tag-pt","31":"tag-seguranu00e7a","32":"tag-sintra","33":"tag-sociedade","34":"tag-top-stories","35":"tag-topstories","36":"tag-tribunal","37":"tag-ultimas","38":"tag-ultimas-noticias","39":"tag-ultimasnoticias"},"share_on_mastodon":{"url":"https:\/\/pubeurope.com\/@pt\/115414641150824827","error":""},"_links":{"self":[{"href":"https:\/\/www.europesays.com\/pt\/wp-json\/wp\/v2\/posts\/121096","targetHints":{"allow":["GET"]}}],"collection":[{"href":"https:\/\/www.europesays.com\/pt\/wp-json\/wp\/v2\/posts"}],"about":[{"href":"https:\/\/www.europesays.com\/pt\/wp-json\/wp\/v2\/types\/post"}],"author":[{"embeddable":true,"href":"https:\/\/www.europesays.com\/pt\/wp-json\/wp\/v2\/users\/2"}],"replies":[{"embeddable":true,"href":"https:\/\/www.europesays.com\/pt\/wp-json\/wp\/v2\/comments?post=121096"}],"version-history":[{"count":0,"href":"https:\/\/www.europesays.com\/pt\/wp-json\/wp\/v2\/posts\/121096\/revisions"}],"wp:featuredmedia":[{"embeddable":true,"href":"https:\/\/www.europesays.com\/pt\/wp-json\/wp\/v2\/media\/121097"}],"wp:attachment":[{"href":"https:\/\/www.europesays.com\/pt\/wp-json\/wp\/v2\/media?parent=121096"}],"wp:term":[{"taxonomy":"category","embeddable":true,"href":"https:\/\/www.europesays.com\/pt\/wp-json\/wp\/v2\/categories?post=121096"},{"taxonomy":"post_tag","embeddable":true,"href":"https:\/\/www.europesays.com\/pt\/wp-json\/wp\/v2\/tags?post=121096"}],"curies":[{"name":"wp","href":"https:\/\/api.w.org\/{rel}","templated":true}]}}