{"id":121098,"date":"2025-10-21T23:05:11","date_gmt":"2025-10-21T23:05:11","guid":{"rendered":"https:\/\/www.europesays.com\/pt\/121098\/"},"modified":"2025-10-21T23:05:11","modified_gmt":"2025-10-21T23:05:11","slug":"maria-cerqueira-gomes-novamente-apaixonada-estiveram-juntos-em-paris","status":"publish","type":"post","link":"https:\/\/www.europesays.com\/pt\/121098\/","title":{"rendered":"Maria Cerqueira Gomes &#8211; Novamente apaixonada? &#8220;Estiveram juntos em Paris&#8221;"},"content":{"rendered":"<p><a href=\"https:\/\/www.novagente.pt\/maria-cerqueira-gomes-esquecida-substituida-apresentadora-ja-saiu-da-vida-do-coracao-de-cayetano\" target=\"_blank\" rel=\"nofollow noopener\"><strong>Maria Cerqueira Gomes<\/strong><\/a> pode estar novamente apaixonada&#8230; por um rosto bem familiar. \u00c9 que a apresentadora da <strong>TVI <\/strong>poder\u00e1 estar reconciliada (ou perto disso) de\u00a0<strong>Cayetano Rivera<\/strong>. Quem o diz \u00e9 a\u00a0revista\u00a0Diez Minutos, que foi quem, em primeira m\u00e3o em 2022, deu a conhecer que os dois estavam a viver uma hist\u00f3ria de amor.<\/p>\n<p>O assunto esteve em an\u00e1lise no V+ Fama e <strong>Pedro Capit\u00e3o\u00a0<\/strong>trouxe novas informa\u00e7\u00f5es. &#8220;As informa\u00e7\u00f5es que me chegam do pa\u00eds vizinho s\u00e3o que efetivamente estiveram os dois juntos em Paris. Aquilo que me disseram foi que voltaram a ter contacto e que estiveram juntos em Paris, foi a informa\u00e7\u00e3o que me chegou aqui do lado&#8221;, apontou.<\/p>\n<p>Tamb\u00e9m o anfitri\u00e3o do programa,\u00a0<strong>Adriano Silva Martins<\/strong> partilhou detalhes: &#8220;A informa\u00e7\u00e3o que vem desde Espanha \u00e9 que a partir de Paris come\u00e7aram a trocar outra vez gostos nas redes sociais&#8221;.<\/p>\n<p>Texto: Tom\u00e1s Casc\u00e3o; Fotos: Arquivo Impala &amp; Redes sociais<\/p>\n<p class=\"intagram-text\">Siga a Nova Gente no Instagram<\/p>\n<p>                        <a href=\"https:\/\/www.instagram.com\/revistanovagente\/\" target=\"_blank\" aria-label=\"instagram\" rel=\"noopener nofollow\"><img decoding=\"async\" style=\"display: block; margin-left: auto; margin-right: auto; width: 250px; height: 83px;\" src=\"https:\/\/www.europesays.com\/pt\/wp-content\/uploads\/2025\/10\/Instagram_NG.png\" alt=\"instagram\"\/><\/a><br \/>\n                    <script async src=\"\/\/www.instagram.com\/embed.js\"><\/script><\/p>\n","protected":false},"excerpt":{"rendered":"Maria Cerqueira Gomes pode estar novamente apaixonada&#8230; por um rosto bem familiar. \u00c9 que a apresentadora da TVI&hellip;\n","protected":false},"author":2,"featured_media":121099,"comment_status":"","ping_status":"","sticky":false,"template":"","format":"standard","meta":{"footnotes":""},"categories":[145],"tags":[28027,211,210,114,115,18318,32,33],"class_list":{"0":"post-121098","1":"post","2":"type-post","3":"status-publish","4":"format-standard","5":"has-post-thumbnail","7":"category-celebridades","8":"tag-cayetano-rivera","9":"tag-celebridades","10":"tag-celebrities","11":"tag-entertainment","12":"tag-entretenimento","13":"tag-maria-cerqueira-gomes","14":"tag-portugal","15":"tag-pt"},"share_on_mastodon":{"url":"https:\/\/pubeurope.com\/@pt\/115414664896557670","error":""},"_links":{"self":[{"href":"https:\/\/www.europesays.com\/pt\/wp-json\/wp\/v2\/posts\/121098","targetHints":{"allow":["GET"]}}],"collection":[{"href":"https:\/\/www.europesays.com\/pt\/wp-json\/wp\/v2\/posts"}],"about":[{"href":"https:\/\/www.europesays.com\/pt\/wp-json\/wp\/v2\/types\/post"}],"author":[{"embeddable":true,"href":"https:\/\/www.europesays.com\/pt\/wp-json\/wp\/v2\/users\/2"}],"replies":[{"embeddable":true,"href":"https:\/\/www.europesays.com\/pt\/wp-json\/wp\/v2\/comments?post=121098"}],"version-history":[{"count":0,"href":"https:\/\/www.europesays.com\/pt\/wp-json\/wp\/v2\/posts\/121098\/revisions"}],"wp:featuredmedia":[{"embeddable":true,"href":"https:\/\/www.europesays.com\/pt\/wp-json\/wp\/v2\/media\/121099"}],"wp:attachment":[{"href":"https:\/\/www.europesays.com\/pt\/wp-json\/wp\/v2\/media?parent=121098"}],"wp:term":[{"taxonomy":"category","embeddable":true,"href":"https:\/\/www.europesays.com\/pt\/wp-json\/wp\/v2\/categories?post=121098"},{"taxonomy":"post_tag","embeddable":true,"href":"https:\/\/www.europesays.com\/pt\/wp-json\/wp\/v2\/tags?post=121098"}],"curies":[{"name":"wp","href":"https:\/\/api.w.org\/{rel}","templated":true}]}}