{"id":121104,"date":"2025-10-21T23:08:08","date_gmt":"2025-10-21T23:08:08","guid":{"rendered":"https:\/\/www.europesays.com\/pt\/121104\/"},"modified":"2025-10-21T23:08:08","modified_gmt":"2025-10-21T23:08:08","slug":"terra-forte-flor-foi-atirada-ao-mar-e-salva-por-uma-baleia-e-por-antonio-novelas","status":"publish","type":"post","link":"https:\/\/www.europesays.com\/pt\/121104\/","title":{"rendered":"Terra Forte: Flor foi atirada ao mar e salva por uma baleia e por Ant\u00f3nio &#8211; Novelas"},"content":{"rendered":"<p>Em \u00abTerra Forte\u00bb, Flor (Benedita Pereira) chega mais calma a casa e agradece ao marido tudo o que fez por ela, recordando o epis\u00f3dio de ter sido ele quem a salvou em alto-mar quando caiu do cruzeiro, dizendo que nem ela nem Rosinha (Francisca Salgado) estariam vivas. Ant\u00f3nio (Jo\u00e3o Catarr\u00e9) retribui os elogios dizendo que foi gra\u00e7as a ela que a sua vida passou a fazer sentido. Flor recorda como foi atirada ao mar e salva por uma baleia e por Ant\u00f3nio.<\/p>\n","protected":false},"excerpt":{"rendered":"Em \u00abTerra Forte\u00bb, Flor (Benedita Pereira) chega mais calma a casa e agradece ao marido tudo o que&hellip;\n","protected":false},"author":2,"featured_media":121105,"comment_status":"","ping_status":"","sticky":false,"template":"","format":"standard","meta":{"footnotes":""},"categories":[142],"tags":[160,166,114,115,157,167,164,2931,161,158,165,159,32,33,156,18614,163,151,162],"class_list":{"0":"post-121104","1":"post","2":"type-post","3":"status-publish","4":"format-standard","5":"has-post-thumbnail","7":"category-tv","8":"tag-ana-guiomar","9":"tag-cristina-ferreira","10":"tag-entertainment","11":"tag-entretenimento","12":"tag-festa-e-festa","13":"tag-ficcao","14":"tag-jose-fidalgo","15":"tag-novela","16":"tag-novelas","17":"tag-para-sempre","18":"tag-pedro-sousa","19":"tag-pedro-teixeira","20":"tag-portugal","21":"tag-pt","22":"tag-queridos-papas","23":"tag-terra-forte","24":"tag-tiago-teotonio-pereira","25":"tag-tv","26":"tag-tvi"},"share_on_mastodon":{"url":"","error":""},"_links":{"self":[{"href":"https:\/\/www.europesays.com\/pt\/wp-json\/wp\/v2\/posts\/121104","targetHints":{"allow":["GET"]}}],"collection":[{"href":"https:\/\/www.europesays.com\/pt\/wp-json\/wp\/v2\/posts"}],"about":[{"href":"https:\/\/www.europesays.com\/pt\/wp-json\/wp\/v2\/types\/post"}],"author":[{"embeddable":true,"href":"https:\/\/www.europesays.com\/pt\/wp-json\/wp\/v2\/users\/2"}],"replies":[{"embeddable":true,"href":"https:\/\/www.europesays.com\/pt\/wp-json\/wp\/v2\/comments?post=121104"}],"version-history":[{"count":0,"href":"https:\/\/www.europesays.com\/pt\/wp-json\/wp\/v2\/posts\/121104\/revisions"}],"wp:featuredmedia":[{"embeddable":true,"href":"https:\/\/www.europesays.com\/pt\/wp-json\/wp\/v2\/media\/121105"}],"wp:attachment":[{"href":"https:\/\/www.europesays.com\/pt\/wp-json\/wp\/v2\/media?parent=121104"}],"wp:term":[{"taxonomy":"category","embeddable":true,"href":"https:\/\/www.europesays.com\/pt\/wp-json\/wp\/v2\/categories?post=121104"},{"taxonomy":"post_tag","embeddable":true,"href":"https:\/\/www.europesays.com\/pt\/wp-json\/wp\/v2\/tags?post=121104"}],"curies":[{"name":"wp","href":"https:\/\/api.w.org\/{rel}","templated":true}]}}