{"id":121120,"date":"2025-10-21T23:20:10","date_gmt":"2025-10-21T23:20:10","guid":{"rendered":"https:\/\/www.europesays.com\/pt\/121120\/"},"modified":"2025-10-21T23:20:10","modified_gmt":"2025-10-21T23:20:10","slug":"artista-italiano-vende-escultura-invisivel-por-r-87-mil-2","status":"publish","type":"post","link":"https:\/\/www.europesays.com\/pt\/121120\/","title":{"rendered":"Artista italiano vende escultura invis\u00edvel por R$ 87 mil"},"content":{"rendered":"<p data-start=\"0\" data-end=\"277\" data-is-last-node=\"\" data-is-only-node=\"\" class=\"my-5 break-words group-[.isActiveSource]:text-xl\">O artista italiano <strong class=\"group-[.isActiveSource]:text-xl group-[.isActiveSource]:font-bold\">Salvatore Garau<\/strong> voltou a viralizar por ter vendido uma escultura invis\u00edvel por <strong class=\"group-[.isActiveSource]:text-xl group-[.isActiveSource]:font-bold\">R$ 87 mil<\/strong>. A obra, chamada <strong data-start=\"104\" data-end=\"116\" class=\"group-[.isActiveSource]:text-xl group-[.isActiveSource]:font-bold\">\u201cEu Sou\u201d<\/strong>, n\u00e3o possui qualquer forma material e foi \u201cexibida\u201d em um espa\u00e7o vazio de 1,5 por 1,5 metro. O comprador recebeu um certificado que comprova a aquisi\u00e7\u00e3o, que s\u00f3 existe na mente do criador.<\/p>\n<p class=\"my-5 break-words group-[.isActiveSource]:text-xl\">Embora a obra tenha sido leiloada em 2021, ela voltou a ser comentada ap\u00f3s um post viral do perfil brit\u00e2nico Pubity, seguido no Instagram por mais de 40 milh\u00f5es de internautas.<\/p>\n<p class=\"my-5 break-words group-[.isActiveSource]:text-xl\">Composta de &#8220;ar e esp\u00edrito&#8221;, a obra, segundo Garau, provoca percep\u00e7\u00e3o, reflex\u00e3o e inc\u00f4modo, o que \u00e9 suficiente para o <a href=\"https:\/\/www.cnnbrasil.com.br\/lifestyle\/visitante-come-banana-de-r-35-milhoes-que-estava-exposta-em-museu-frances\/\" class=\"text-red-600 underline hover:text-red-500 font-medium break-words group-[.isActiveSource]:text-xl\" target=\"_self\" rel=\"nofollow noopener\">artista italiano<\/a>. Ele ainda defende que\u00a0o \u201cnada tamb\u00e9m \u00e9 arte\u201d.<\/p>\n<p class=\"my-5 break-words group-[.isActiveSource]:text-xl\">&#8220;Escultura imaterial para ser colocada em um espa\u00e7o livre de qualquer obst\u00e1culo. Dimens\u00f5es vari\u00e1veis, aproximadamente 200 x 200 cm. Obra acompanhada de certificado de autenticidade emitido pelo artista. Obra registrada sob o n\u00famero IM5. Proced\u00eancia: cole\u00e7\u00e3o particular, Mil\u00e3o. Estimativa: 12 mil &#8211; 16 mil euros.&#8221;, diz o certificado de autenticidade da &#8220;obra&#8221;.<\/p>\n<p class=\"my-5 break-words group-[.isActiveSource]:text-xl\">Esta n\u00e3o \u00e9 a primeira incurs\u00e3o de Garau na arte invis\u00edvel &#8211; obras anteriores incluem &#8220;Buda In Contemplation&#8221; e &#8220;Afrodite Piange&#8221;.<\/p>\n<blockquote class=\"instagram-media !mx-auto\" style=\"background:#FFF;border:0;border-radius:3px;box-shadow:0 0 1px 0 rgba(0,0,0,0.5),0 1px 10px 0 rgba(0,0,0,0.15);margin:1px;max-width:540px;min-width:326px;padding:0;width:calc(100% - 2px)\" data-instgrm-captioned=\"\" data-instgrm-permalink=\"https:\/\/www.instagram.com\/p\/CO8mtPMKJiN\/?utm_source=ig_embed&amp;utm_campaign=loading\" data-instgrm-version=\"14\">\n<\/blockquote>\n<p><script async src=\"\/\/www.instagram.com\/embed.js\"><\/script><\/p>\n","protected":false},"excerpt":{"rendered":"O artista italiano Salvatore Garau voltou a viralizar por ter vendido uma escultura invis\u00edvel por R$ 87 mil.&hellip;\n","protected":false},"author":2,"featured_media":121121,"comment_status":"","ping_status":"","sticky":false,"template":"","format":"standard","meta":{"footnotes":""},"categories":[144],"tags":[207,205,206,203,201,202,204,114,115,32,33],"class_list":{"0":"post-121120","1":"post","2":"type-post","3":"status-publish","4":"format-standard","5":"has-post-thumbnail","7":"category-arte-e-design","8":"tag-arte","9":"tag-arte-e-design","10":"tag-artedesign","11":"tag-arts","12":"tag-arts-and-design","13":"tag-artsanddesign","14":"tag-design","15":"tag-entertainment","16":"tag-entretenimento","17":"tag-portugal","18":"tag-pt"},"share_on_mastodon":{"url":"https:\/\/pubeurope.com\/@pt\/115414723818555506","error":""},"_links":{"self":[{"href":"https:\/\/www.europesays.com\/pt\/wp-json\/wp\/v2\/posts\/121120","targetHints":{"allow":["GET"]}}],"collection":[{"href":"https:\/\/www.europesays.com\/pt\/wp-json\/wp\/v2\/posts"}],"about":[{"href":"https:\/\/www.europesays.com\/pt\/wp-json\/wp\/v2\/types\/post"}],"author":[{"embeddable":true,"href":"https:\/\/www.europesays.com\/pt\/wp-json\/wp\/v2\/users\/2"}],"replies":[{"embeddable":true,"href":"https:\/\/www.europesays.com\/pt\/wp-json\/wp\/v2\/comments?post=121120"}],"version-history":[{"count":0,"href":"https:\/\/www.europesays.com\/pt\/wp-json\/wp\/v2\/posts\/121120\/revisions"}],"wp:featuredmedia":[{"embeddable":true,"href":"https:\/\/www.europesays.com\/pt\/wp-json\/wp\/v2\/media\/121121"}],"wp:attachment":[{"href":"https:\/\/www.europesays.com\/pt\/wp-json\/wp\/v2\/media?parent=121120"}],"wp:term":[{"taxonomy":"category","embeddable":true,"href":"https:\/\/www.europesays.com\/pt\/wp-json\/wp\/v2\/categories?post=121120"},{"taxonomy":"post_tag","embeddable":true,"href":"https:\/\/www.europesays.com\/pt\/wp-json\/wp\/v2\/tags?post=121120"}],"curies":[{"name":"wp","href":"https:\/\/api.w.org\/{rel}","templated":true}]}}