{"id":121135,"date":"2025-10-21T23:29:13","date_gmt":"2025-10-21T23:29:13","guid":{"rendered":"https:\/\/www.europesays.com\/pt\/121135\/"},"modified":"2025-10-21T23:29:13","modified_gmt":"2025-10-21T23:29:13","slug":"toyota-revela-baby-land-cruiser-mas-nao-o-vai-poder-comprar","status":"publish","type":"post","link":"https:\/\/www.europesays.com\/pt\/121135\/","title":{"rendered":"Toyota revela baby-Land Cruiser mas n\u00e3o o vai poder comprar"},"content":{"rendered":"<p>\n\tDepois de muita espera, a Toyota revelou o membro mais compacto da fam\u00edlia Land Cruiser, mas s\u00f3 vai estar dispon\u00edvel em alguns mercados. Entenda as raz\u00f5es.\n<\/p>\n<p>O aguardado baby Land Cruiser da marca nip\u00f3nica foi finalmente apresentado, com a revela\u00e7\u00e3o p\u00fablica a estar reservada para o <a href=\"https:\/\/www.razaoautomovel.com\/etiqueta\/salao-de-toquio\/\" rel=\"nofollow noopener\" target=\"_blank\">Sal\u00e3o de T\u00f3quio<\/a>, que abre portas a 29 de outubro.<\/p>\n<p>Chama-se <strong>Toyota Land Cruiser FJ<\/strong>, mas se partilha com o \u00abirm\u00e3o\u00bb parte do nome, este modelo assenta na plataforma de outro modelo, nomeadamente da <a href=\"https:\/\/www.razaoautomovel.com\/autopedia\/toyota-hilux-champ-pick-up-menos-12-mil-euros\" rel=\"nofollow noopener\" target=\"_blank\">Toyota Hilux Champ<\/a>, uma esp\u00e9cie de vers\u00e3o low cost da famosa <a href=\"https:\/\/www.razaoautomovel.com\/noticias\/tecnologia-diesel-hidrogenio-toyota\" rel=\"nofollow noopener\" target=\"_blank\">Hilux<\/a>.<\/p>\n<p>O apelido de \u00abbeb\u00e9\u00bb n\u00e3o \u00e9 por acaso: face ao <a href=\"https:\/\/www.razaoautomovel.com\/noticias\/lancamento-precos-toyota-land-cruiser-2024\" rel=\"nofollow noopener\" target=\"_blank\">Land Cruiser 250<\/a>, o novo FJ tem uma dist\u00e2ncia entre eixos 27 cm mais curta, de 2,58 metros. \u00c9 tamb\u00e9m cerca de 35 cm mais curto (4,57 m), 2 cm mais baixo (1,85 m) e 2 cm mais estreito (1,96 m).<\/p>\n<p>As especifica\u00e7\u00f5es completas ainda n\u00e3o foram divulgadas, mas a <a href=\"https:\/\/www.razaoautomovel.com\/etiqueta\/toyota\/\" rel=\"nofollow noopener\" target=\"_blank\">Toyota<\/a> assegurou que o FJ mant\u00e9m capacidades fora de estrada dignas do nome Land Cruiser, com uma dist\u00e2ncia ao solo e \u00e2ngulo de ataque semelhantes aos do S\u00e9rie 250 \u2014 215 mm e 31\u00ba, respetivamente \u2014, al\u00e9m de um raio de viragem de apenas 5,5 m.<\/p>\n<p>Debaixo do cap\u00f4, o FJ recorre \u00e0 mesma motoriza\u00e7\u00e3o da Hilux Champ: um motor a gasolina com 2,7 litros, quatro cilindros, 167 cv e 245 Nm, e caixa autom\u00e1tica de seis velocidades. Um conjunto que surge acoplado a um sistema de tra\u00e7\u00e3o integral parcial, como se espera de qualquer Toyota que carregue o nome \u201c<a href=\"https:\/\/www.razaoautomovel.com\/etiqueta\/toyota-land-cruiser\/\" rel=\"nofollow noopener\" target=\"_blank\">Land Cruiser<\/a>\u201c.<\/p>\n<p>Exterior personaliz\u00e1vel<\/p>\n<p>Do ponto de vista est\u00e9tico, \u00e0 semelhan\u00e7a da restante gama Land Cruiser, o novo FJ apresenta um design quadrado e robusto, prote\u00e7\u00f5es de carro\u00e7aria pronunciados e um pneu suplente montado no port\u00e3o da bagageira. <\/p>\n<p>Tal como a Hillux Champ, o novo \u00abmini-Land Cruiser\u00bb foi concebido para ser personaliz\u00e1vel, tendo v\u00e1rios pain\u00e9is MOLLE, com pontos de fixa\u00e7\u00e3o exteriores para adicionar v\u00e1rios tipos de equipamento. H\u00e1 ainda duas frentes \u00e0 escolha: de s\u00e9rie traz far\u00f3is retangulares, mas pode, em op\u00e7\u00e3o, ter far\u00f3is redondos \u2014 de estilo mais retro.<\/p>\n<p>A Toyota tamb\u00e9m pensou em usos mais extremos: os cantos dos para-choques dianteiro e traseiro podem ser removidos, caso sejam danificados, facilitando a repara\u00e7\u00e3o e baixando os custos das mesmas.<\/p>\n<p>A robustez do exterior reflete-se tamb\u00e9m no habit\u00e1culo, com o Toyota Land Cruiser FJ a adotar as mesmas solu\u00e7\u00f5es que j\u00e1 conhecemos das propostas mais recentes do construtor nip\u00f3nico.<\/p>\n<p>Entre elas, destacam-se o par de ecr\u00e3s \u2014 um dedicado ao painel de instrumentos e outro ao sistema de infoentretenimento (12,5\u2033) \u2014, bot\u00f5es f\u00edsicos de acesso \u00e0s principais fun\u00e7\u00f5es do ve\u00edculo, um seletor de velocidades de grandes dimens\u00f5es e o volumoso t\u00fanel central.<\/p>\n<p>N\u00e3o vem para a Europa<\/p>\n<p>Se achou interessante o novo Toyota Land Cruiser FJ, lamentamos informar que n\u00e3o vir\u00e1 para a Europa. Ali\u00e1s, parece que grande parte do hemisf\u00e9rio norte n\u00e3o ter\u00e1 acesso ao baby-Land Cruiser. <\/p>\n<p>As raz\u00f5es s\u00e3o f\u00e1ceis de entender. Tal como a Hilux Champ de que deriva, o Land Cruiser FJ n\u00e3o est\u00e1 em conformidade com as regras antipolui\u00e7\u00e3o e seguran\u00e7a em vigor na Uni\u00e3o Europeia ou nos EUA.<\/p>\n<p>Foi o que confirmou o engenheiro-chefe Masaya Uchimaya, em declara\u00e7\u00f5es \u00e0 <a href=\"https:\/\/www.autonews.com\/toyota\/an-toyota-baby-land-cruiser-fj-2025-japan-mobility-show-1021\/\" rel=\"nofollow noopener\" target=\"_blank\">Automotive News Europe<\/a>: as vendas dever\u00e3o come\u00e7ar no Jap\u00e3o a meio de 2026 e estender-se a outros mercados emergentes \u2014 Sudeste Asi\u00e1tico, \u00c1frica, M\u00e9dio Oriente e Am\u00e9rica Latina \u2014, mas \u201cn\u00e3o h\u00e1 planos para a Am\u00e9rica do Norte ou para a Europa\u201d, avan\u00e7ou. <\/p>\n<p>Descubra o seu pr\u00f3ximo autom\u00f3vel:<\/p>\n<p>\t\t\tSabe esta resposta?<br \/>\n\t\t\tEm que ano foi lan\u00e7ada a primeira gera\u00e7\u00e3o do Mazda MX-5?<\/p>\n<p>        <a href=\"https:\/\/www.razaoautomovel.com\/perfil\/miguel-nascimento\/\" rel=\"nofollow noopener\" target=\"_blank\"><br \/>\n            <img loading=\"lazy\" alt=\"Avatar photo\" src=\"data:image\/svg+xml,%3Csvg%20xmlns=\" http:=\"\" data-lazy- class=\"avatar avatar-96 photo\" height=\"96\" width=\"96\" decoding=\"async\" data-lazy-src=\"https:\/\/www.europesays.com\/pt\/wp-content\/uploads\/2025\/09\/1757530396_357_miguel-nascimento-perfil-2025-96x96.jpg\"\/>        <\/a>  <\/p>\n","protected":false},"excerpt":{"rendered":"Depois de muita espera, a Toyota revelou o membro mais compacto da fam\u00edlia Land Cruiser, mas s\u00f3 vai&hellip;\n","protected":false},"author":2,"featured_media":121136,"comment_status":"","ping_status":"","sticky":false,"template":"","format":"standard","meta":{"footnotes":""},"categories":[83],"tags":[425,88,89,90,32,33,25361,25999,959,502,28030,28031],"class_list":{"0":"post-121135","1":"post","2":"type-post","3":"status-publish","4":"format-standard","5":"has-post-thumbnail","7":"category-empresas","8":"tag-apresentacao","9":"tag-business","10":"tag-economy","11":"tag-empresas","12":"tag-portugal","13":"tag-pt","14":"tag-salao-de-toquio","15":"tag-salao-de-toquio-2025","16":"tag-suv","17":"tag-toyota","18":"tag-toyota-land-cruiser","19":"tag-toyota-land-cruiser-fj"},"share_on_mastodon":{"url":"https:\/\/pubeurope.com\/@pt\/115414759140644826","error":""},"_links":{"self":[{"href":"https:\/\/www.europesays.com\/pt\/wp-json\/wp\/v2\/posts\/121135","targetHints":{"allow":["GET"]}}],"collection":[{"href":"https:\/\/www.europesays.com\/pt\/wp-json\/wp\/v2\/posts"}],"about":[{"href":"https:\/\/www.europesays.com\/pt\/wp-json\/wp\/v2\/types\/post"}],"author":[{"embeddable":true,"href":"https:\/\/www.europesays.com\/pt\/wp-json\/wp\/v2\/users\/2"}],"replies":[{"embeddable":true,"href":"https:\/\/www.europesays.com\/pt\/wp-json\/wp\/v2\/comments?post=121135"}],"version-history":[{"count":0,"href":"https:\/\/www.europesays.com\/pt\/wp-json\/wp\/v2\/posts\/121135\/revisions"}],"wp:featuredmedia":[{"embeddable":true,"href":"https:\/\/www.europesays.com\/pt\/wp-json\/wp\/v2\/media\/121136"}],"wp:attachment":[{"href":"https:\/\/www.europesays.com\/pt\/wp-json\/wp\/v2\/media?parent=121135"}],"wp:term":[{"taxonomy":"category","embeddable":true,"href":"https:\/\/www.europesays.com\/pt\/wp-json\/wp\/v2\/categories?post=121135"},{"taxonomy":"post_tag","embeddable":true,"href":"https:\/\/www.europesays.com\/pt\/wp-json\/wp\/v2\/tags?post=121135"}],"curies":[{"name":"wp","href":"https:\/\/api.w.org\/{rel}","templated":true}]}}