{"id":121139,"date":"2025-10-21T23:33:11","date_gmt":"2025-10-21T23:33:11","guid":{"rendered":"https:\/\/www.europesays.com\/pt\/121139\/"},"modified":"2025-10-21T23:33:11","modified_gmt":"2025-10-21T23:33:11","slug":"isabel-figueira-foi-operada-de-urgencia-dor-horrivel-pior-do-que-ter-filhos","status":"publish","type":"post","link":"https:\/\/www.europesays.com\/pt\/121139\/","title":{"rendered":"Isabel Figueira foi operada de urg\u00eancia: &#8220;Dor horr\u00edvel, pior do que ter filhos&#8221;"},"content":{"rendered":"<p>Em pleno dia do 45.\u00ba anivers\u00e1rio,\u00a0<a href=\"https:\/\/selfie.iol.pt\/famosos\/agencia-glam\/glam-e-declarada-insolvente-agencia-deve-milhares-de-euros-a-famosos\/20250917\/68cabdd2d34ee0c2fed03412\" target=\"_blank\" rel=\"nofollow noopener\">Isabel Figueira<\/a> esteve no programa &#8220;Dois \u00e0s 10&#8221; e foi alvo de v\u00e1rias surpresas que deixaram a comentadora do programa <a href=\"https:\/\/selfie.iol.pt\/famosos\/liliana\/secret-story-amigas-de-liliana-quebram-o-silencio-nao-estamos-felizes-com-a-postura-dela\/20250930\/68db9eccd34e58bc67965678\" target=\"_blank\" rel=\"nofollow noopener\">&#8220;Secret Story&#8221;<\/a>\u00a0em l\u00e1grimas.<\/p>\n<p>A dada altura, <a href=\"https:\/\/selfie.iol.pt\/famosos\/secret-story\/isabel-figueira-revela-mensagem-que-recebeu-de-ze-ex-noivo-de-liliana-de-secret-story\/20251021\/68f75c7fd34e58bc67972244\" target=\"_blank\" rel=\"nofollow noopener\">Isabel Figueira<\/a> falou sobre um problema de sa\u00fade com que teve de lidar recentemente: &#8220;Ia para o vel\u00f3rio de um amigo e, ao entrar numa par\u00f3quia, fiquei com os dedos entalados na porta.&#8221;<\/p>\n<p>&#8220;Isto deitou imenso sangue. \u00c9 uma dor horr\u00edvel, pior do que ter filhos e fui operada para reconstru\u00e7\u00e3o dos dedos&#8221;, relatou a modelo e atriz, acrescentando: &#8220;Estou h\u00e1 tr\u00eas semanas com os pontos.&#8221;<\/p>\n<p>&#8220;Fui operada de urg\u00eancia para reconstru\u00e7\u00e3o&#8221;, acrescentou Isabel Figueira, revelando que j\u00e1 n\u00e3o conseguiu ir ao vel\u00f3rio de Pedro Leit\u00e3o.<\/p>\n<p>Veja, agora, o v\u00eddeo com as <a href=\"https:\/\/selfie.iol.pt\/famosos\/isabel-figueira\/em-lagrimas-isabel-figueira-fala-sobre-burnout-fui-chacinada-em-praca-publica\/20251021\/68f7601dd34ee0c2fed17f68\" target=\"_blank\" rel=\"nofollow noopener\">declara\u00e7\u00f5es de Isabel Figueira no programa &#8220;Dois \u00e0s 10&#8221;<\/a>.<\/p>\n","protected":false},"excerpt":{"rendered":"Em pleno dia do 45.\u00ba anivers\u00e1rio,\u00a0Isabel Figueira esteve no programa &#8220;Dois \u00e0s 10&#8221; e foi alvo de v\u00e1rias&hellip;\n","protected":false},"author":2,"featured_media":121140,"comment_status":"","ping_status":"","sticky":false,"template":"","format":"standard","meta":{"footnotes":""},"categories":[145],"tags":[211,210,5953,801,114,115,980,1789,23132,619,32,33,1012,162],"class_list":{"0":"post-121139","1":"post","2":"type-post","3":"status-publish","4":"format-standard","5":"has-post-thumbnail","7":"category-celebridades","8":"tag-celebridades","9":"tag-celebrities","10":"tag-cirurgia","11":"tag-dois-as-10","12":"tag-entertainment","13":"tag-entretenimento","14":"tag-famosos","15":"tag-hospital","16":"tag-isabel-figueira","17":"tag-nacional","18":"tag-portugal","19":"tag-pt","20":"tag-selfie","21":"tag-tvi"},"share_on_mastodon":{"url":"https:\/\/pubeurope.com\/@pt\/115414774871274030","error":""},"_links":{"self":[{"href":"https:\/\/www.europesays.com\/pt\/wp-json\/wp\/v2\/posts\/121139","targetHints":{"allow":["GET"]}}],"collection":[{"href":"https:\/\/www.europesays.com\/pt\/wp-json\/wp\/v2\/posts"}],"about":[{"href":"https:\/\/www.europesays.com\/pt\/wp-json\/wp\/v2\/types\/post"}],"author":[{"embeddable":true,"href":"https:\/\/www.europesays.com\/pt\/wp-json\/wp\/v2\/users\/2"}],"replies":[{"embeddable":true,"href":"https:\/\/www.europesays.com\/pt\/wp-json\/wp\/v2\/comments?post=121139"}],"version-history":[{"count":0,"href":"https:\/\/www.europesays.com\/pt\/wp-json\/wp\/v2\/posts\/121139\/revisions"}],"wp:featuredmedia":[{"embeddable":true,"href":"https:\/\/www.europesays.com\/pt\/wp-json\/wp\/v2\/media\/121140"}],"wp:attachment":[{"href":"https:\/\/www.europesays.com\/pt\/wp-json\/wp\/v2\/media?parent=121139"}],"wp:term":[{"taxonomy":"category","embeddable":true,"href":"https:\/\/www.europesays.com\/pt\/wp-json\/wp\/v2\/categories?post=121139"},{"taxonomy":"post_tag","embeddable":true,"href":"https:\/\/www.europesays.com\/pt\/wp-json\/wp\/v2\/tags?post=121139"}],"curies":[{"name":"wp","href":"https:\/\/api.w.org\/{rel}","templated":true}]}}