{"id":121141,"date":"2025-10-21T23:34:07","date_gmt":"2025-10-21T23:34:07","guid":{"rendered":"https:\/\/www.europesays.com\/pt\/121141\/"},"modified":"2025-10-21T23:34:07","modified_gmt":"2025-10-21T23:34:07","slug":"andrea-velame-lanca-livro-da-mostra-casas-conceito-com-evento-no-centro-historico-de-salvador-veja-fotos","status":"publish","type":"post","link":"https:\/\/www.europesays.com\/pt\/121141\/","title":{"rendered":"Andrea Velame lan\u00e7a livro da Mostra Casas Conceito com evento no Centro Hist\u00f3rico de Salvador; veja fotos"},"content":{"rendered":"<p>Nesta ter\u00e7a-feira (21), o Centro Hist\u00f3rico de Salvador foi palco de um encontro especial que celebrou o lan\u00e7amento do livro da <strong>VII Mostra Casas Conceito<\/strong>, reunindo nomes de destaque da arquitetura, design e cultura baiana. A publica\u00e7\u00e3o \u00e9 assinada sob curadoria e idealiza\u00e7\u00e3o da empres\u00e1ria <strong>Andrea Velame<\/strong>.<\/p>\n<p>O evento homenageou os profissionais, parceiros e convidados que participaram da mais recente edi\u00e7\u00e3o da mostra \u2014 considerada uma das principais vitrines do pa\u00eds no segmento de arquitetura e design autoral.<\/p>\n<p><strong>A Casas Conceito segue at\u00e9 o dia 9 de novembro, na Rua da Miseric\u00f3rdia. Veja fotos do evento:<\/strong><\/p>\n","protected":false},"excerpt":{"rendered":"Nesta ter\u00e7a-feira (21), o Centro Hist\u00f3rico de Salvador foi palco de um encontro especial que celebrou o lan\u00e7amento&hellip;\n","protected":false},"author":2,"featured_media":121142,"comment_status":"","ping_status":"","sticky":false,"template":"","format":"standard","meta":{"footnotes":""},"categories":[144],"tags":[207,205,206,203,201,202,204,114,115,32,33],"class_list":{"0":"post-121141","1":"post","2":"type-post","3":"status-publish","4":"format-standard","5":"has-post-thumbnail","7":"category-arte-e-design","8":"tag-arte","9":"tag-arte-e-design","10":"tag-artedesign","11":"tag-arts","12":"tag-arts-and-design","13":"tag-artsanddesign","14":"tag-design","15":"tag-entertainment","16":"tag-entretenimento","17":"tag-portugal","18":"tag-pt"},"share_on_mastodon":{"url":"https:\/\/pubeurope.com\/@pt\/115414778758269019","error":""},"_links":{"self":[{"href":"https:\/\/www.europesays.com\/pt\/wp-json\/wp\/v2\/posts\/121141","targetHints":{"allow":["GET"]}}],"collection":[{"href":"https:\/\/www.europesays.com\/pt\/wp-json\/wp\/v2\/posts"}],"about":[{"href":"https:\/\/www.europesays.com\/pt\/wp-json\/wp\/v2\/types\/post"}],"author":[{"embeddable":true,"href":"https:\/\/www.europesays.com\/pt\/wp-json\/wp\/v2\/users\/2"}],"replies":[{"embeddable":true,"href":"https:\/\/www.europesays.com\/pt\/wp-json\/wp\/v2\/comments?post=121141"}],"version-history":[{"count":0,"href":"https:\/\/www.europesays.com\/pt\/wp-json\/wp\/v2\/posts\/121141\/revisions"}],"wp:featuredmedia":[{"embeddable":true,"href":"https:\/\/www.europesays.com\/pt\/wp-json\/wp\/v2\/media\/121142"}],"wp:attachment":[{"href":"https:\/\/www.europesays.com\/pt\/wp-json\/wp\/v2\/media?parent=121141"}],"wp:term":[{"taxonomy":"category","embeddable":true,"href":"https:\/\/www.europesays.com\/pt\/wp-json\/wp\/v2\/categories?post=121141"},{"taxonomy":"post_tag","embeddable":true,"href":"https:\/\/www.europesays.com\/pt\/wp-json\/wp\/v2\/tags?post=121141"}],"curies":[{"name":"wp","href":"https:\/\/api.w.org\/{rel}","templated":true}]}}