{"id":121143,"date":"2025-10-21T23:37:08","date_gmt":"2025-10-21T23:37:08","guid":{"rendered":"https:\/\/www.europesays.com\/pt\/121143\/"},"modified":"2025-10-21T23:37:08","modified_gmt":"2025-10-21T23:37:08","slug":"quarta-na-tv-o-arranque-de-o-poder-da-justica-o-fim-das-sombras-e-brent-renaud-tv","status":"publish","type":"post","link":"https:\/\/www.europesays.com\/pt\/121143\/","title":{"rendered":"Quarta na TV: o arranque de O Poder da Justi\u00e7a, o fim das sombras e Brent Renaud | TV"},"content":{"rendered":"<p>CINEMA<\/p>\n<p dir=\"ltr\" id=\"docs-internal-guid-a9ce5de4-7fff-5700-8cfe-578a1562fa71\"><strong><a href=\"https:\/\/cinecartaz.publico.pt\/filme\/a-lista-dos-ex-293567\" rel=\"nofollow noopener\" target=\"_blank\">A Lista dos Ex<\/a><br \/>Cinemundo, 10h55<\/strong><\/p>\n<p dir=\"ltr\">Ally Darling (Anna Faris) quase entra em depress\u00e3o quando se depara com um artigo de uma revista que afirma que as mulheres com mais de 20 parceiros sexuais t\u00eam uma grande probabilidade de ficarem sem par para o resto das suas vidas. Alarmada com o seu rol de 19 rapazes, mas decidida a reverter a situa\u00e7\u00e3o, apenas uma coisa lhe ocorre: fazer uma lista dos seus ex-namorados e encontrar-lhes o rasto, n\u00e3o v\u00e1 dar-se o caso de ter desperdi\u00e7ado o amor da sua vida. Agora, com uma longa lista de nomes e apenas um b\u00f3nus para gastar, Ally pede ajuda a Colin Shea (Chris Evans), o seu vizinho e amigo, para a acompanhar nesta viagem ao passado. Realizado por Mark Mylod, uma com\u00e9dia rom\u00e2ntica baseada no livro hom\u00f3nimo de Karyn Bosnak.<\/p>\n<p dir=\"ltr\"><strong><a href=\"https:\/\/cinecartaz.publico.pt\/filme\/para-a-minha-irma-138299\" rel=\"nofollow noopener\" target=\"_blank\">Para a Minha Irm\u00e3<\/a><br \/>TVCine Edition, 23h10<\/strong><\/p>\n<p dir=\"ltr\">Duas irm\u00e3s, uma de 15 e outra de 13, t\u00eam uma experi\u00eancia muito diferente enquanto est\u00e3o de f\u00e9rias com a fam\u00edlia. A mais velha, Elena (Roxane Mesquida), \u00e9 alvo de muita aten\u00e7\u00e3o masculina e tem encontros com homens, mesmo que queira perder a virgindade com algu\u00e9m que ame realmente. Nesses encontros, Ana\u00efs, (Ana\u00efs Reboux, que se estreou com este filme e nunca mais voltou a fazer cinema) a mais nova e com excesso de peso, fica a ver. At\u00e9 ao dia em que uma trag\u00e9dia acontece. Um pol\u00e9mico e brutal drama de Catherine Breillat datado de 2001.<\/p>\n<p>S\u00c9RIES<\/p>\n<p dir=\"ltr\"><strong>O Poder da Justi\u00e7a<br \/>TVCine Emotion, 22h10<\/strong><\/p>\n<p dir=\"ltr\">Estreia. Esta \u00e9 uma nova adapta\u00e7\u00e3o do policial hom\u00f3nimo de thriller judicial que John Grisham, um dos mais bem sucedidos escritores do g\u00e9nero, assinou em 1995, que dois anos depois tinha dado um filme de Francis Ford Coppola com Matt Damon, Claire Danes e Danny DeVito. \u00c9 a hist\u00f3ria de Rudy Baylor (interpretado aqui por Milo Callagahan) que \u00e9 despedido de um escrit\u00f3rio de advogados reputado e acaba por se juntar \u00e0 opera\u00e7\u00e3o de um advogado que anda \u00e0 procura de desastres para oferecer os seus servi\u00e7os a potenciais clientes, Leo F. Drummond (John Slattery). De repente v\u00ea-se a lutar em tribunal contra os seus antigos empregadores. A s\u00e9rie de dez epis\u00f3dios, um original da USA Network, foi desenvolvida por Michael Seitzman e Jason Richman.<\/p>\n<p dir=\"ltr\"><strong>Lazarus<br \/>Prime Video, streaming<\/strong><\/p>\n<p dir=\"ltr\">Estreia. Co-criada por Harlan Coben, o popular escritor americano de thrillers e livros de mist\u00e9rio, e Danny Brockelhurst, o argumentista e dramaturgo brit\u00e2nico, esta s\u00e9rie de terror e thriller centra-se num psic\u00f3logo forense interpretado por Sam Clafin depois da morte do pai, um m\u00e9dico chamado Doctor Lazarus (Bill Nighy).<\/p>\n<p dir=\"ltr\"><strong>What We Do In the Shadows<br \/>Disney+, streaming<\/strong><\/p>\n<p dir=\"ltr\">Chega ao Disney+ a sexta e derradeira temporada desta s\u00e9rie c\u00f3mica em formato de falso document\u00e1rio, uma adapta\u00e7\u00e3o do filme de vampiros broncos hom\u00f3nimo de Taika Waititi e Jemaine Clement de 2014. Um original do FX criado por Clement, acabou em Dezembro do ano passado e esta \u00e9poca j\u00e1 estava dispon\u00edvel na HBO Max, onde ia estreando cada epis\u00f3dio \u00e0 medida que ia passando nos Estados Unidos.<\/p>\n<p dir=\"ltr\"><strong>Os Simpsons<br \/>Disney+, streaming<\/strong><\/p>\n<p dir=\"ltr\">Estreia. Esta temporada, a 36.\u00aa, de Os Simpsons passou originalmente na Fox americana entre Setembro do ano passado e Maio deste ano. Com Matt Selman aos comandos da escrita, teve convidados como Conan O\u2019Brien, Kerry Washington, Patti LaBelle, Glenn Close, Chris Rock, Danny DeVito, Tom Hanks, Seth Rogen ou John Cena.<\/p>\n<p>DOCUMENT\u00c1RIOS<\/p>\n<p dir=\"ltr\"><strong>Armed Only with a Camera: the Life and Death of Brent Renaud<br \/>HBO Max, streaming<\/strong><\/p>\n<p dir=\"ltr\">Estreia. Brent Renaud foi o primeiro jornalista americano a ser, em Mar\u00e7o de 2022, assassinado na guerra entre a R\u00fassia e a Ucr\u00e2nia. Nesta curta-metragem documental assinada pelo pr\u00f3prio, que deixou filmagens para tr\u00e1s, e o irm\u00e3o Brent, que colaborou com ele ao longo dos anos, conta-se a sua hist\u00f3ria.<\/p>\n<p dir=\"ltr\"><strong>Cara a Cara com o Selvagem<br \/>Odisseia, 22h30<\/strong><\/p>\n<p dir=\"ltr\">Chega ao fim, com o terceiro epis\u00f3dio, esta s\u00e9rie do fot\u00f3grafo e mergulhador Rudolph Guignard, que captou com a sua c\u00e2mara predadores do mundo animal e a forma como interagem pacificamente com humanos.<\/p>\n","protected":false},"excerpt":{"rendered":"CINEMA A Lista dos ExCinemundo, 10h55 Ally Darling (Anna Faris) quase entra em depress\u00e3o quando se depara com&hellip;\n","protected":false},"author":2,"featured_media":121144,"comment_status":"","ping_status":"","sticky":false,"template":"","format":"standard","meta":{"footnotes":""},"categories":[142],"tags":[315,1413,114,115,294,542,32,33,291,218,151],"class_list":{"0":"post-121143","1":"post","2":"type-post","3":"status-publish","4":"format-standard","5":"has-post-thumbnail","7":"category-tv","8":"tag-cultura","9":"tag-cultura-ipsilon","10":"tag-entertainment","11":"tag-entretenimento","12":"tag-lazer","13":"tag-para-redes","14":"tag-portugal","15":"tag-pt","16":"tag-relaxar","17":"tag-televisao","18":"tag-tv"},"share_on_mastodon":{"url":"https:\/\/pubeurope.com\/@pt\/115414790503127510","error":""},"_links":{"self":[{"href":"https:\/\/www.europesays.com\/pt\/wp-json\/wp\/v2\/posts\/121143","targetHints":{"allow":["GET"]}}],"collection":[{"href":"https:\/\/www.europesays.com\/pt\/wp-json\/wp\/v2\/posts"}],"about":[{"href":"https:\/\/www.europesays.com\/pt\/wp-json\/wp\/v2\/types\/post"}],"author":[{"embeddable":true,"href":"https:\/\/www.europesays.com\/pt\/wp-json\/wp\/v2\/users\/2"}],"replies":[{"embeddable":true,"href":"https:\/\/www.europesays.com\/pt\/wp-json\/wp\/v2\/comments?post=121143"}],"version-history":[{"count":0,"href":"https:\/\/www.europesays.com\/pt\/wp-json\/wp\/v2\/posts\/121143\/revisions"}],"wp:featuredmedia":[{"embeddable":true,"href":"https:\/\/www.europesays.com\/pt\/wp-json\/wp\/v2\/media\/121144"}],"wp:attachment":[{"href":"https:\/\/www.europesays.com\/pt\/wp-json\/wp\/v2\/media?parent=121143"}],"wp:term":[{"taxonomy":"category","embeddable":true,"href":"https:\/\/www.europesays.com\/pt\/wp-json\/wp\/v2\/categories?post=121143"},{"taxonomy":"post_tag","embeddable":true,"href":"https:\/\/www.europesays.com\/pt\/wp-json\/wp\/v2\/tags?post=121143"}],"curies":[{"name":"wp","href":"https:\/\/api.w.org\/{rel}","templated":true}]}}