{"id":121153,"date":"2025-10-21T23:44:51","date_gmt":"2025-10-21T23:44:51","guid":{"rendered":"https:\/\/www.europesays.com\/pt\/121153\/"},"modified":"2025-10-21T23:44:51","modified_gmt":"2025-10-21T23:44:51","slug":"faz-frente-ao-lidl-e-mercadona-a-loja-que-e-um-fenomeno-em-toda-a-europa-abre-mais-um-espaco-em-portugal-noticias-de-hoje","status":"publish","type":"post","link":"https:\/\/www.europesays.com\/pt\/121153\/","title":{"rendered":"Faz frente ao Lidl e Mercadona: a loja que \u00e9 um fen\u00f3meno em toda a Europa abre mais um espa\u00e7o em Portugal &#8211; Not\u00edcias de hoje"},"content":{"rendered":"<p>A cadeia low cost <a href=\"https:\/\/primaprix.eu\/pt\/\" target=\"_blank\" rel=\"nofollow noopener\"><strong>PrimaPrix<\/strong><\/a> continua a conquistar os portugueses e a destacar-se como uma das lojas mais procuradas do momento. Conhecida pelos <strong>descontos que chegam aos 70%<\/strong>, a marca mant\u00e9m o sucesso com <strong>produtos de grandes marcas a pre\u00e7os surpreendentes<\/strong>.<\/p>\n<p data-end=\"1023\" data-start=\"558\">A <strong data-end=\"596\" data-start=\"560\">estreia da PrimaPrix em Portugal<\/strong> aconteceu no final de maio, com a inaugura\u00e7\u00e3o da primeira loja na <strong data-end=\"696\" data-start=\"663\">Rua Paio Galv\u00e3o, em Guimar\u00e3es<\/strong>, a 27 de maio. Poucos dias depois, a <strong data-end=\"751\" data-start=\"734\">loja do Porto<\/strong>, na <strong data-end=\"779\" data-start=\"756\">Rua Fernandes Tom\u00e1s<\/strong>, abriu portas a 29 de maio, e a 4 de junho foi a vez de <strong data-end=\"846\" data-start=\"836\">Lisboa<\/strong>, na <strong data-end=\"874\" data-start=\"851\">Rua Pascoal de Melo<\/strong>, receber a nova ins\u00edgnia.<\/p>\n<p data-end=\"1023\" data-start=\"558\">A quarta loja j\u00e1 foi inaugurada no dia 16 de outubro em<strong> Coimbra,<\/strong> na<strong> Rua Jo\u00e3o de Ru\u00e3o 6<\/strong>: &#8220;Abrimos portas na cidade dos estudantes com achados de mestre: marcas internacionais, pre\u00e7os que passam com distin\u00e7\u00e3o e uma forma de comprar que j\u00e1 \u00e9 nota 10\/10 na Europa&#8221;.<\/p>\n<p data-end=\"1023\" data-start=\"558\">No cat\u00e1logo da PrimaPrix \u00e9 poss\u00edvel encontrar <strong>artigos de higiene, limpeza, alimenta\u00e7\u00e3o, maquilhagem, perfumes e bebidas<\/strong>, com marcas como <strong>Garnier, Pantene, Rimmel ou Nivea<\/strong> a pre\u00e7os muito baixos do habitual.<\/p>\n<p>Os <a href=\"https:\/\/primaprix.eu\/pt\/catalogo-de-produtos\/?utm_source=google&amp;utm_medium=cpc&amp;utm_campaign=GA_PRIMAPRIX_BRAND_SEARCH_PT&amp;utm_content={adid}&amp;utm_term=primaprix&amp;utm_device=m&amp;gad_source=1&amp;gad_campaignid=22548122132&amp;gclid=Cj0KCQjw0Y3HBhCxARIsAN7931XcWKobqxcNiDzH184WWN-IYnE6ra2IjGhSDU2LIGTaJWSJ3RSfmYYaAhVqEALw_wcB\" target=\"_blank\" rel=\"nofollow noopener\"><strong>descontos at\u00e9 70%<\/strong><\/a> est\u00e3o dispon\u00edveis <strong>em dezenas de categorias<\/strong>, e o cat\u00e1logo pode ser consultado <strong>nas lojas f\u00edsicas ou online<\/strong>, onde \u00e9 atualizado regularmente com novas promo\u00e7\u00f5es.<strong> <\/strong><\/p>\n<p><strong>Percorra a galeria acima e veja os produtos que est\u00e3o agora com descontos incr\u00edveis.<\/strong><\/p>\n","protected":false},"excerpt":{"rendered":"A cadeia low cost PrimaPrix continua a conquistar os portugueses e a destacar-se como uma das lojas mais&hellip;\n","protected":false},"author":2,"featured_media":121154,"comment_status":"","ping_status":"","sticky":false,"template":"","format":"standard","meta":{"footnotes":""},"categories":[83],"tags":[88,89,90,488,17941,3425,13,32,20773,33],"class_list":{"0":"post-121153","1":"post","2":"type-post","3":"status-publish","4":"format-standard","5":"has-post-thumbnail","7":"category-empresas","8":"tag-business","9":"tag-economy","10":"tag-empresas","11":"tag-iol","12":"tag-loja-low-cost","13":"tag-lojas","14":"tag-noticias","15":"tag-portugal","16":"tag-primaprix","17":"tag-pt"},"share_on_mastodon":{"url":"https:\/\/pubeurope.com\/@pt\/115414821994635422","error":""},"_links":{"self":[{"href":"https:\/\/www.europesays.com\/pt\/wp-json\/wp\/v2\/posts\/121153","targetHints":{"allow":["GET"]}}],"collection":[{"href":"https:\/\/www.europesays.com\/pt\/wp-json\/wp\/v2\/posts"}],"about":[{"href":"https:\/\/www.europesays.com\/pt\/wp-json\/wp\/v2\/types\/post"}],"author":[{"embeddable":true,"href":"https:\/\/www.europesays.com\/pt\/wp-json\/wp\/v2\/users\/2"}],"replies":[{"embeddable":true,"href":"https:\/\/www.europesays.com\/pt\/wp-json\/wp\/v2\/comments?post=121153"}],"version-history":[{"count":0,"href":"https:\/\/www.europesays.com\/pt\/wp-json\/wp\/v2\/posts\/121153\/revisions"}],"wp:featuredmedia":[{"embeddable":true,"href":"https:\/\/www.europesays.com\/pt\/wp-json\/wp\/v2\/media\/121154"}],"wp:attachment":[{"href":"https:\/\/www.europesays.com\/pt\/wp-json\/wp\/v2\/media?parent=121153"}],"wp:term":[{"taxonomy":"category","embeddable":true,"href":"https:\/\/www.europesays.com\/pt\/wp-json\/wp\/v2\/categories?post=121153"},{"taxonomy":"post_tag","embeddable":true,"href":"https:\/\/www.europesays.com\/pt\/wp-json\/wp\/v2\/tags?post=121153"}],"curies":[{"name":"wp","href":"https:\/\/api.w.org\/{rel}","templated":true}]}}