{"id":121159,"date":"2025-10-21T23:49:14","date_gmt":"2025-10-21T23:49:14","guid":{"rendered":"https:\/\/www.europesays.com\/pt\/121159\/"},"modified":"2025-10-21T23:49:14","modified_gmt":"2025-10-21T23:49:14","slug":"fotografo-mocambicano-mario-macilau-e-o-rosto-dos-10-anos-da-feira-de-arte-africana-akaa-em-paris","status":"publish","type":"post","link":"https:\/\/www.europesays.com\/pt\/121159\/","title":{"rendered":"Fot\u00f3grafo mo\u00e7ambicano M\u00e1rio Macilau \u00e9 o rosto dos 10 anos da feira de arte africana AKAA em Paris"},"content":{"rendered":"<p>A edi\u00e7\u00e3o comemorativa dos 10 anos da Also Known As Africa (AKAA) \u2013 uma das mais influentes feiras de arte contempor\u00e2nea e design art\u00edstico africano -, que decorre neste fim-de-semana em Paris, tem como destaque o fot\u00f3grafo mo\u00e7ambicano M\u00e1rio Macilau, escolhido como imagem de cartaz do evento.<\/p>\n<p>Segundo a organiza\u00e7\u00e3o, a obra seleccionada \u201crepresenta n\u00e3o apenas a sua est\u00e9tica visual profundamente reconhec\u00edvel, mas tamb\u00e9m o compromisso \u00e9tico e po\u00e9tico que sustenta a sua pr\u00e1tica art\u00edstica\u201d, num reconhecimento simb\u00f3lico da relev\u00e2ncia de Macilau na nova gera\u00e7\u00e3o de criadores africanos com projec\u00e7\u00e3o global.<\/p>\n<p>Nascido em Maputo, em 1984, M\u00e1rio Macilau iniciou-se na fotografia em 2003 e profissionalizou-se quatro anos depois. A sua obra \u00e9 marcada por projectos imersivos e de longo prazo, centrados em temas como identidade, espiritualidade, pol\u00edtica e justi\u00e7a social, nos quais a fotografia assume o papel de documento, den\u00fancia e reflex\u00e3o est\u00e9tica.<\/p>\n<p>O seu percurso tem sido amplamente reconhecido em institui\u00e7\u00f5es de refer\u00eancia, como o MoMA (Nova Iorque), a Tate Modern (Londres), a Fondation Blach\u00e8re (Fran\u00e7a) e a Funda\u00e7\u00e3o Calouste Gulbenkian (Lisboa). Em 2015, representou Mo\u00e7ambique na Bienal de Veneza e participou em eventos de prest\u00edgio, como o Vitra Design Museum, a Saatchi Gallery e a Bienal de Casablanca.\u00a0Entre as distin\u00e7\u00f5es que recebeu, destacam-se o Pr\u00e9mio da Uni\u00e3o Europeia para o Ambiente (2015) e a Bolsa UNESCO-Aschberg para as Artes Visuais (2014).<\/p>\n<p>Ao completar uma d\u00e9cada, a AKAA celebra \u201ca for\u00e7a criativa de artistas, galerias e projectos curatoriais que, ao longo dos \u00faltimos dez anos, contribu\u00edram para redefinir as narrativas da arte africana contempor\u00e2nea\u201d.<\/p>\n<p>A escolha de Macilau como rosto desta edi\u00e7\u00e3o traduz a maturidade de uma arte africana que transcende geografias e afirma-se cada vez mais como voz cr\u00edtica, est\u00e9tica e intelectual no panorama global.<\/p>\n<p>*Com Lusa<\/p>\n","protected":false},"excerpt":{"rendered":"A edi\u00e7\u00e3o comemorativa dos 10 anos da Also Known As Africa (AKAA) \u2013 uma das mais influentes feiras&hellip;\n","protected":false},"author":2,"featured_media":121160,"comment_status":"","ping_status":"","sticky":false,"template":"","format":"standard","meta":{"footnotes":""},"categories":[144],"tags":[207,205,206,203,201,202,204,114,115,32,33],"class_list":{"0":"post-121159","1":"post","2":"type-post","3":"status-publish","4":"format-standard","5":"has-post-thumbnail","7":"category-arte-e-design","8":"tag-arte","9":"tag-arte-e-design","10":"tag-artedesign","11":"tag-arts","12":"tag-arts-and-design","13":"tag-artsanddesign","14":"tag-design","15":"tag-entertainment","16":"tag-entretenimento","17":"tag-portugal","18":"tag-pt"},"share_on_mastodon":{"url":"https:\/\/pubeurope.com\/@pt\/115414837765049359","error":""},"_links":{"self":[{"href":"https:\/\/www.europesays.com\/pt\/wp-json\/wp\/v2\/posts\/121159","targetHints":{"allow":["GET"]}}],"collection":[{"href":"https:\/\/www.europesays.com\/pt\/wp-json\/wp\/v2\/posts"}],"about":[{"href":"https:\/\/www.europesays.com\/pt\/wp-json\/wp\/v2\/types\/post"}],"author":[{"embeddable":true,"href":"https:\/\/www.europesays.com\/pt\/wp-json\/wp\/v2\/users\/2"}],"replies":[{"embeddable":true,"href":"https:\/\/www.europesays.com\/pt\/wp-json\/wp\/v2\/comments?post=121159"}],"version-history":[{"count":0,"href":"https:\/\/www.europesays.com\/pt\/wp-json\/wp\/v2\/posts\/121159\/revisions"}],"wp:featuredmedia":[{"embeddable":true,"href":"https:\/\/www.europesays.com\/pt\/wp-json\/wp\/v2\/media\/121160"}],"wp:attachment":[{"href":"https:\/\/www.europesays.com\/pt\/wp-json\/wp\/v2\/media?parent=121159"}],"wp:term":[{"taxonomy":"category","embeddable":true,"href":"https:\/\/www.europesays.com\/pt\/wp-json\/wp\/v2\/categories?post=121159"},{"taxonomy":"post_tag","embeddable":true,"href":"https:\/\/www.europesays.com\/pt\/wp-json\/wp\/v2\/tags?post=121159"}],"curies":[{"name":"wp","href":"https:\/\/api.w.org\/{rel}","templated":true}]}}