{"id":121161,"date":"2025-10-21T23:51:10","date_gmt":"2025-10-21T23:51:10","guid":{"rendered":"https:\/\/www.europesays.com\/pt\/121161\/"},"modified":"2025-10-21T23:51:10","modified_gmt":"2025-10-21T23:51:10","slug":"terra-forte-flor-assume-ela-nao-pode-saber-que-o-pai-dela-e-o-sammy-novelas","status":"publish","type":"post","link":"https:\/\/www.europesays.com\/pt\/121161\/","title":{"rendered":"Terra Forte &#8211; Flor assume: \u00abEla n\u00e3o pode saber que o pai dela \u00e9 o Sammy\u00bb &#8211; Novelas"},"content":{"rendered":"<p>Em \u00abTerra Forte\u00bb, Ant\u00f3nio (Jo\u00e3o Catarr\u00e9) insiste com Flor (Benedita Pereira) que deveria contar a verdade a Rosinha (Francisca Salgado) sobre o seu passado antes que ela se v\u00e1 embora dali sem que a consigam impedir. Flor (Benedita Pereira) vinca n\u00e3o querer que ela descubra ser filha de Sammy (Jos\u00e9 Fidalgo), al\u00e9m de n\u00e3o querer confrontar os seus pais, mesmo tendo muitas saudades da sua m\u00e3e.<\/p>\n","protected":false},"excerpt":{"rendered":"Em \u00abTerra Forte\u00bb, Ant\u00f3nio (Jo\u00e3o Catarr\u00e9) insiste com Flor (Benedita Pereira) que deveria contar a verdade a Rosinha&hellip;\n","protected":false},"author":2,"featured_media":121162,"comment_status":"","ping_status":"","sticky":false,"template":"","format":"standard","meta":{"footnotes":""},"categories":[142],"tags":[160,166,114,115,157,167,164,2931,161,158,165,159,32,33,156,18614,163,151,162],"class_list":{"0":"post-121161","1":"post","2":"type-post","3":"status-publish","4":"format-standard","5":"has-post-thumbnail","7":"category-tv","8":"tag-ana-guiomar","9":"tag-cristina-ferreira","10":"tag-entertainment","11":"tag-entretenimento","12":"tag-festa-e-festa","13":"tag-ficcao","14":"tag-jose-fidalgo","15":"tag-novela","16":"tag-novelas","17":"tag-para-sempre","18":"tag-pedro-sousa","19":"tag-pedro-teixeira","20":"tag-portugal","21":"tag-pt","22":"tag-queridos-papas","23":"tag-terra-forte","24":"tag-tiago-teotonio-pereira","25":"tag-tv","26":"tag-tvi"},"share_on_mastodon":{"url":"https:\/\/pubeurope.com\/@pt\/115414845581721148","error":""},"_links":{"self":[{"href":"https:\/\/www.europesays.com\/pt\/wp-json\/wp\/v2\/posts\/121161","targetHints":{"allow":["GET"]}}],"collection":[{"href":"https:\/\/www.europesays.com\/pt\/wp-json\/wp\/v2\/posts"}],"about":[{"href":"https:\/\/www.europesays.com\/pt\/wp-json\/wp\/v2\/types\/post"}],"author":[{"embeddable":true,"href":"https:\/\/www.europesays.com\/pt\/wp-json\/wp\/v2\/users\/2"}],"replies":[{"embeddable":true,"href":"https:\/\/www.europesays.com\/pt\/wp-json\/wp\/v2\/comments?post=121161"}],"version-history":[{"count":0,"href":"https:\/\/www.europesays.com\/pt\/wp-json\/wp\/v2\/posts\/121161\/revisions"}],"wp:featuredmedia":[{"embeddable":true,"href":"https:\/\/www.europesays.com\/pt\/wp-json\/wp\/v2\/media\/121162"}],"wp:attachment":[{"href":"https:\/\/www.europesays.com\/pt\/wp-json\/wp\/v2\/media?parent=121161"}],"wp:term":[{"taxonomy":"category","embeddable":true,"href":"https:\/\/www.europesays.com\/pt\/wp-json\/wp\/v2\/categories?post=121161"},{"taxonomy":"post_tag","embeddable":true,"href":"https:\/\/www.europesays.com\/pt\/wp-json\/wp\/v2\/tags?post=121161"}],"curies":[{"name":"wp","href":"https:\/\/api.w.org\/{rel}","templated":true}]}}