{"id":121163,"date":"2025-10-21T23:53:18","date_gmt":"2025-10-21T23:53:18","guid":{"rendered":"https:\/\/www.europesays.com\/pt\/121163\/"},"modified":"2025-10-21T23:53:18","modified_gmt":"2025-10-21T23:53:18","slug":"uma-nova-criatura-desperta-no-trailer-de-o-troll-da-montanha-2-confira","status":"publish","type":"post","link":"https:\/\/www.europesays.com\/pt\/121163\/","title":{"rendered":"Uma nova criatura desperta no trailer de &#8216;O Troll da Montanha 2&#8217;; Confira!"},"content":{"rendered":"<p>A <strong><a href=\"https:\/\/cinepop.com.br\/tag\/netflix\/\" title=\"Netflix\" rel=\"nofollow noopener\" target=\"_blank\">Netflix<\/a><\/strong> divulgou o trailer oficial de \u2018<strong><a href=\"https:\/\/cinepop.com.br\/tag\/o-troll-da-montanha\/\" title=\"O Troll da Montanha\" rel=\"nofollow noopener\" target=\"_blank\">O Troll da Montanha<\/a> 2<\/strong>\u2018, sequ\u00eancia que tem estreia agendada para o dia\u00a0<strong>1\u00ba de dezembro<\/strong> na plataforma de\u00a0streaming.<\/p>\n<p>No novo filme, as for\u00e7as armadas norueguesas que est\u00e3o enfrentando uma nova amea\u00e7a, mas est\u00e3o totalmente equipadas para enfrentar a besta que \u00e9 feita de pedra e terra. Os protagonistas do longa original \u2014 a professora de paleontologia Nora (<strong><a href=\"https:\/\/cinepop.com.br\/tag\/ine-marie-wilmann\/\" title=\"Ine Marie Wilmann\" rel=\"nofollow noopener\" target=\"_blank\">Ine Marie Wilmann<\/a><\/strong>), o conselheiro pol\u00edtico Andreas Isaksen (<strong>Kim Falck<\/strong>) e o major do ex\u00e9rcito Kristoffer Holm (<strong>Mads Pettersen<\/strong>) \u2014 est\u00e3o de volta \u00e0 batalha.<\/p>\n<p>Confira e siga o <a href=\"https:\/\/www.youtube.com\/cinepop?sub_confirmation=1\" target=\"_blank\" rel=\"noopener nofollow\"><strong>CinePOP no Youtube<\/strong><\/a>:<\/p>\n<p><strong><a href=\"https:\/\/cinepop.com.br\/tag\/roar-uthaug\/\" title=\"Roar Uthaug\" rel=\"nofollow noopener\" target=\"_blank\">Roar Uthaug<\/a><\/strong> retorna \u00e0 dire\u00e7\u00e3o, enquanto <strong>Espen Aukan<\/strong> est\u00e1 de volta como roteirista.<\/p>\n<p><img fetchpriority=\"high\" decoding=\"async\" class=\"alignnone size-large wp-image-359325\" src=\"https:\/\/www.europesays.com\/pt\/wp-content\/uploads\/2025\/10\/EN-US_Troll_Main_Vertical_RGB_PRE-691x1024.jpg\" alt=\"\" width=\"691\" height=\"1024\"  \/><\/p>\n<p>&#8211; Advertisement &#8211;<\/p>\n","protected":false},"excerpt":{"rendered":"A Netflix divulgou o trailer oficial de \u2018O Troll da Montanha 2\u2018, sequ\u00eancia que tem estreia agendada para&hellip;\n","protected":false},"author":2,"featured_media":121164,"comment_status":"","ping_status":"","sticky":false,"template":"","format":"standard","meta":{"footnotes":""},"categories":[140],"tags":[114,115,147,148,28032,146,716,28033,28034,32,33,28035],"class_list":{"0":"post-121163","1":"post","2":"type-post","3":"status-publish","4":"format-standard","5":"has-post-thumbnail","7":"category-filmes","8":"tag-entertainment","9":"tag-entretenimento","10":"tag-film","11":"tag-filmes","12":"tag-ine-marie-wilmann","13":"tag-movies","14":"tag-netflix","15":"tag-o-troll-da-montanha","16":"tag-o-troll-da-montanha-2","17":"tag-portugal","18":"tag-pt","19":"tag-roar-uthaug"},"share_on_mastodon":{"url":"https:\/\/pubeurope.com\/@pt\/115414853953961437","error":""},"_links":{"self":[{"href":"https:\/\/www.europesays.com\/pt\/wp-json\/wp\/v2\/posts\/121163","targetHints":{"allow":["GET"]}}],"collection":[{"href":"https:\/\/www.europesays.com\/pt\/wp-json\/wp\/v2\/posts"}],"about":[{"href":"https:\/\/www.europesays.com\/pt\/wp-json\/wp\/v2\/types\/post"}],"author":[{"embeddable":true,"href":"https:\/\/www.europesays.com\/pt\/wp-json\/wp\/v2\/users\/2"}],"replies":[{"embeddable":true,"href":"https:\/\/www.europesays.com\/pt\/wp-json\/wp\/v2\/comments?post=121163"}],"version-history":[{"count":0,"href":"https:\/\/www.europesays.com\/pt\/wp-json\/wp\/v2\/posts\/121163\/revisions"}],"wp:featuredmedia":[{"embeddable":true,"href":"https:\/\/www.europesays.com\/pt\/wp-json\/wp\/v2\/media\/121164"}],"wp:attachment":[{"href":"https:\/\/www.europesays.com\/pt\/wp-json\/wp\/v2\/media?parent=121163"}],"wp:term":[{"taxonomy":"category","embeddable":true,"href":"https:\/\/www.europesays.com\/pt\/wp-json\/wp\/v2\/categories?post=121163"},{"taxonomy":"post_tag","embeddable":true,"href":"https:\/\/www.europesays.com\/pt\/wp-json\/wp\/v2\/tags?post=121163"}],"curies":[{"name":"wp","href":"https:\/\/api.w.org\/{rel}","templated":true}]}}