{"id":121179,"date":"2025-10-22T00:08:09","date_gmt":"2025-10-22T00:08:09","guid":{"rendered":"https:\/\/www.europesays.com\/pt\/121179\/"},"modified":"2025-10-22T00:08:09","modified_gmt":"2025-10-22T00:08:09","slug":"dubai-brasileira-e-famosa-por-grandes-arranha-ceus","status":"publish","type":"post","link":"https:\/\/www.europesays.com\/pt\/121179\/","title":{"rendered":"Dubai brasileira \u00e9 famosa por grandes arranha-c\u00e9us"},"content":{"rendered":"<p>Um bom exemplo \u00e9 o Hotel Fischer inaugurado em 1957 com quatro pavimentos. Treze anos depois passou a ter 10 andares. Ele foi demolido para dar lugar a um pr\u00e9dio maior e mais alto.\u00a0<\/p>\n<p>&#8220;A cidade j\u00e1 estava tomada de pr\u00e9dios nos anos 2000. \u00c9 uma quest\u00e3o de necessidade de construir grandes pr\u00e9dios em terrenos cada vez menores&#8221;, resumiu a historiadora Mariana Schlickmann.<\/p>\n<p>O \u00a0metro quadrado mais caro de 2022 foi o de Balne\u00e1rio Cambori\u00fa. O pre\u00e7o m\u00e9dio da venda de im\u00f3vel foi de R$ 10.093 por m\u00b2, atr\u00e1s apenas de S\u00e3o Paulo. A explica\u00e7\u00e3o? Falta de espa\u00e7o na cidade.\u00a0<\/p>\n","protected":false},"excerpt":{"rendered":"Um bom exemplo \u00e9 o Hotel Fischer inaugurado em 1957 com quatro pavimentos. Treze anos depois passou a&hellip;\n","protected":false},"author":2,"featured_media":121180,"comment_status":"","ping_status":"","sticky":false,"template":"","format":"standard","meta":{"footnotes":""},"categories":[144],"tags":[207,205,206,203,201,202,204,114,115,32,33,1456],"class_list":{"0":"post-121179","1":"post","2":"type-post","3":"status-publish","4":"format-standard","5":"has-post-thumbnail","7":"category-arte-e-design","8":"tag-arte","9":"tag-arte-e-design","10":"tag-artedesign","11":"tag-arts","12":"tag-arts-and-design","13":"tag-artsanddesign","14":"tag-design","15":"tag-entertainment","16":"tag-entretenimento","17":"tag-portugal","18":"tag-pt","19":"tag-turismo"},"share_on_mastodon":{"url":"https:\/\/pubeurope.com\/@pt\/115414912447640663","error":""},"_links":{"self":[{"href":"https:\/\/www.europesays.com\/pt\/wp-json\/wp\/v2\/posts\/121179","targetHints":{"allow":["GET"]}}],"collection":[{"href":"https:\/\/www.europesays.com\/pt\/wp-json\/wp\/v2\/posts"}],"about":[{"href":"https:\/\/www.europesays.com\/pt\/wp-json\/wp\/v2\/types\/post"}],"author":[{"embeddable":true,"href":"https:\/\/www.europesays.com\/pt\/wp-json\/wp\/v2\/users\/2"}],"replies":[{"embeddable":true,"href":"https:\/\/www.europesays.com\/pt\/wp-json\/wp\/v2\/comments?post=121179"}],"version-history":[{"count":0,"href":"https:\/\/www.europesays.com\/pt\/wp-json\/wp\/v2\/posts\/121179\/revisions"}],"wp:featuredmedia":[{"embeddable":true,"href":"https:\/\/www.europesays.com\/pt\/wp-json\/wp\/v2\/media\/121180"}],"wp:attachment":[{"href":"https:\/\/www.europesays.com\/pt\/wp-json\/wp\/v2\/media?parent=121179"}],"wp:term":[{"taxonomy":"category","embeddable":true,"href":"https:\/\/www.europesays.com\/pt\/wp-json\/wp\/v2\/categories?post=121179"},{"taxonomy":"post_tag","embeddable":true,"href":"https:\/\/www.europesays.com\/pt\/wp-json\/wp\/v2\/tags?post=121179"}],"curies":[{"name":"wp","href":"https:\/\/api.w.org\/{rel}","templated":true}]}}