{"id":121185,"date":"2025-10-22T00:13:16","date_gmt":"2025-10-22T00:13:16","guid":{"rendered":"https:\/\/www.europesays.com\/pt\/121185\/"},"modified":"2025-10-22T00:13:16","modified_gmt":"2025-10-22T00:13:16","slug":"videos-nuno-mendes-e-vitinha-marcam-no-atropelo-do-psg-sobre-o-leverkusen","status":"publish","type":"post","link":"https:\/\/www.europesays.com\/pt\/121185\/","title":{"rendered":"V\u00cdDEOS: Nuno Mendes e Vitinha marcam no atropelo do PSG sobre o Leverkusen"},"content":{"rendered":"<p>O PSG goleou esta ter\u00e7a-feira o Bayer Leverkusen por <a href=\"https:\/\/maisfutebol.iol.pt\/jogo\/bayer-leverkusen\/psg\/13830193\" target=\"_blank\" rel=\"nofollow noopener\">7-2<\/a>, num encontro a contar para a terceira jornada da fase de liga da Champions.<\/p>\n<p>Vitinha e Nuno Mendes foram titulares na forma\u00e7\u00e3o parisiense, e foi do lateral portugu\u00eas que saiu o passe para o primeiro golo do encontro, de Pacho (7m).<\/p>\n<p>Aos 25 minutos, o primeiro de dois pen\u00e1ltis a favor dos alem\u00e3es. No entanto, Grimaldo (ex-Benfica) atirou em cheio no poste. A segunda grande penalidade foi aos 38 minutos, j\u00e1 depois de Andrich (Bayer Leverkusen) e Zabarnyi (PSG) terem sido expulsos. Desta vez foi Garcia que assumiu a convers\u00e3o e n\u00e3o falhou, igualando o resultado no marcador.<\/p>\n<p>Ainda antes do intervalo, seguiu-se uma rea\u00e7\u00e3o fort\u00edssima dos atuais campe\u00f5es europeus. Dou\u00e9 (41m e 45+3m) e Kvaratskhelia (44m) dilataram a vantagem no final do primeiro tempo.<\/p>\n<p>A segunda parte abriu com um golo \u00abmade-in Portugal\u00bb. Vtinha com um grande passe isolou Nuno Mendes, e o defesa finalizou para o 5-1.<\/p>\n<p>Garcia (54m) bisou para o Leverkusen, antes de Dembel\u00e9 (66m) marcar o primeiro golo depois de ter recebido o galard\u00e3o da Bola de Ouro.\u00a0<\/p>\n<p>A goleada terminou com novo toque luso. Vitinha, depois de j\u00e1 ter assistido, tamb\u00e9m fez o gosto ao p\u00e9 com um grande remate fora da \u00e1rea e fechou o resultado em 7-2.<\/p>\n<p>Com este resultado, o PSG segue invicto na prova e no grupo dos l\u00edderes com nove pontos, j\u00e1 o Bayer Leverkusen encontra-se no 26.\u00ba lugar com apenas dois pontos conquistados.<\/p>\n","protected":false},"excerpt":{"rendered":"O PSG goleou esta ter\u00e7a-feira o Bayer Leverkusen por 7-2, num encontro a contar para a terceira jornada&hellip;\n","protected":false},"author":2,"featured_media":121186,"comment_status":"","ping_status":"","sticky":false,"template":"","format":"standard","meta":{"footnotes":""},"categories":[87],"tags":[2438,135,82,7706,436,46,9523,32,1758,33,47,4219,134],"class_list":{"0":"post-121185","1":"post","2":"type-post","3":"status-publish","4":"format-standard","5":"has-post-thumbnail","7":"category-desporto","8":"tag-bayern-munique","9":"tag-desporto","10":"tag-internacional","11":"tag-liga-campeoes","12":"tag-made-in","13":"tag-maisfutebol","14":"tag-nuno-mendes","15":"tag-portugal","16":"tag-psg","17":"tag-pt","18":"tag-pura-paixao","19":"tag-resultado-final","20":"tag-sports"},"share_on_mastodon":{"url":"https:\/\/pubeurope.com\/@pt\/115414932215105301","error":""},"_links":{"self":[{"href":"https:\/\/www.europesays.com\/pt\/wp-json\/wp\/v2\/posts\/121185","targetHints":{"allow":["GET"]}}],"collection":[{"href":"https:\/\/www.europesays.com\/pt\/wp-json\/wp\/v2\/posts"}],"about":[{"href":"https:\/\/www.europesays.com\/pt\/wp-json\/wp\/v2\/types\/post"}],"author":[{"embeddable":true,"href":"https:\/\/www.europesays.com\/pt\/wp-json\/wp\/v2\/users\/2"}],"replies":[{"embeddable":true,"href":"https:\/\/www.europesays.com\/pt\/wp-json\/wp\/v2\/comments?post=121185"}],"version-history":[{"count":0,"href":"https:\/\/www.europesays.com\/pt\/wp-json\/wp\/v2\/posts\/121185\/revisions"}],"wp:featuredmedia":[{"embeddable":true,"href":"https:\/\/www.europesays.com\/pt\/wp-json\/wp\/v2\/media\/121186"}],"wp:attachment":[{"href":"https:\/\/www.europesays.com\/pt\/wp-json\/wp\/v2\/media?parent=121185"}],"wp:term":[{"taxonomy":"category","embeddable":true,"href":"https:\/\/www.europesays.com\/pt\/wp-json\/wp\/v2\/categories?post=121185"},{"taxonomy":"post_tag","embeddable":true,"href":"https:\/\/www.europesays.com\/pt\/wp-json\/wp\/v2\/tags?post=121185"}],"curies":[{"name":"wp","href":"https:\/\/api.w.org\/{rel}","templated":true}]}}