{"id":121196,"date":"2025-10-22T00:28:21","date_gmt":"2025-10-22T00:28:21","guid":{"rendered":"https:\/\/www.europesays.com\/pt\/121196\/"},"modified":"2025-10-22T00:28:21","modified_gmt":"2025-10-22T00:28:21","slug":"ramalho-eanes-rigido-e-mito","status":"publish","type":"post","link":"https:\/\/www.europesays.com\/pt\/121196\/","title":{"rendered":"Ramalho Eanes &#8220;r\u00edgido&#8221; &#8211; \u00e9 mito"},"content":{"rendered":"<p class=\"wp-caption-text top\">Alfredo Cunha \/ Lusa<\/p>\n<p><img decoding=\"async\" loading=\"lazy\" class=\"size-kopa-image-size-3 wp-image-460048\" src=\"https:\/\/www.europesays.com\/pt\/wp-content\/uploads\/2025\/10\/911af7aa209e00b49f3d6fd2afa92564-9-783x450.jpg\" alt=\"\" width=\"700\" height=\"402\"  \/><\/p>\n<p><strong>Antigo presidente da Rep\u00fablica \u00e9 muito divertido, tem muita piada. \u201c\u00c9 um humor negro, mas fant\u00e1stico\u201d, relata Alfredo Cunha.<\/strong><\/p>\n<p>\u00c9 o \u201cfot\u00f3grafo da revolu\u00e7\u00e3o\u201d, esteve no local certo e \u00e0 hora certa, no dia 25 de Abril de 1974.<\/p>\n<p><strong>Alfredo Cunha,<\/strong> um dos fotojornalistas mais conceituados em Portugal, j\u00e1 acompanhou diversas personalidades portuguesas, esteve em guerras l\u00e1 fora, em momentos pol\u00edticos importantes internacionais.<\/p>\n<p>Foi tamb\u00e9m o fot\u00f3grafo oficial de <strong>Ramalho Eanes<\/strong> e <strong>M\u00e1rio Soares,<\/strong> os dois primeiros presidentes da Rep\u00fablica depois do 25 de Abril.<\/p>\n<p>Gostou muito dos dois. Mas sendo o general <strong>\u201cmais r\u00edgido\u201d\u2026<\/strong> N\u00e3o, n\u00e3o \u00e9 \u2013 interrompe o fot\u00f3grafo, na <a href=\"https:\/\/www.rtp.pt\/play\/p12302\/e878819\/mesa-para-dois\" data-wpel-link=\"external\" target=\"_blank\" rel=\"nofollow external noopener noreferrer\" class=\"ext-link\">Antena 1<\/a>: \u201c<strong>Isso \u00e9 um mito. Ramalho Eanes \u00e9 uma pessoa muito divertida<\/strong>, com muita piada. Tem um <strong>humor negro,<\/strong> mas um humor fant\u00e1stico\u201d.<\/p>\n<p>\u201cAinda aqui h\u00e1 tempos encontrei-o e disse-lhe que estava com \u00f3ptimo aspecto. Ele olha para mim, de alto a baixo, e diz: \u2018Voc\u00ea est\u00e1 a precisar de ir ao oftalmologista\u2019\u201d, recorda, entre sorrisos.<\/p>\n<p>Em rela\u00e7\u00e3o a<strong> M\u00e1rio Soares<\/strong>, \u201cn\u00e3o \u00e9 preciso explicar quem \u00e9\u201d. Ali\u00e1s, M\u00e1rio Soares foi a pessoa de que <strong>mais gostou de fotografar<\/strong> at\u00e9 hoje.<\/p>\n<p>Alfredo Cunha conseguiu <strong>\u201cretratos inesperados\u201d.<\/strong> Era \u201cfant\u00e1stico, gostei muito de o fotografar\u201d, refor\u00e7a.<\/p>\n<p>Mas tamb\u00e9m gostou muito de fotografar <strong>Ant\u00f3nio Lobo Antunes<\/strong>: \u201cDurante anos recusava ser fotografado, at\u00e9 que um dia, a pedido de um grande amigo meu, o Rui Cardoso Martins, ele deixou-se fotografar. And\u00e1vamos h\u00e1 20 anos nisto!\u201d.<\/p>\n<p>O escritor, e psiquiatra, at\u00e9 protagonizou uma esp\u00e9cie de consulta: \u201cFoi super simp\u00e1tico, deu-me bons conselhos psiqui\u00e1tricos, inclusive bons conselhos matrimoniais\u201d.<\/p>\n<p>Alfredo Cunha destacou ainda <strong>Eduardo Louren\u00e7o,<\/strong> professor e fil\u00f3sofo. \u201cUm homem muito divertido e dizia coisas terr\u00edveis muito suavemente. E dizia-me sempre: \u2018N\u00e3o devia deixar fotografar-me porque pare\u00e7o sempre o Salazar\u2019\u201d, lembra.<\/p>\n<p>    <a href=\"https:\/\/zap.aeiou.pt\/subscrever-newsletter\" data-wpel-link=\"internal\" rel=\"nofollow noopener\" target=\"_blank\">&#13;<br \/>\n        <img loading=\"lazy\" decoding=\"async\" class=\"aligncenter size-full wp-image-575475\" src=\"https:\/\/www.europesays.com\/pt\/wp-content\/uploads\/2025\/10\/1759862234_971_2d51fe4a0ba54894421ead1809309ed9-1-450x140.jpg\" alt=\"Subscreva a Newsletter ZAP\" width=\"450\" height=\"140\"\/>&#13;<br \/>\n    <\/a><\/p>\n<p>                <a href=\"https:\/\/whatsapp.com\/channel\/0029VaIC4EE2f3EJZPPSbR34\" data-wpel-link=\"external\" target=\"_blank\" rel=\"nofollow external noopener noreferrer\" class=\"ext-link\">&#13;<br \/>\n                    <img loading=\"lazy\" decoding=\"async\" class=\"aligncenter size-full wp-image-575475\" src=\"https:\/\/www.europesays.com\/pt\/wp-content\/uploads\/2025\/10\/1759862234_512_c68c559d956d4ca20f435ed74a6e71e6.png\" alt=\"Siga-nos no WhatsApp\" width=\"175\" height=\"64\"\/>&#13;<br \/>\n                <\/a><\/p>\n<p>                <a href=\"https:\/\/news.google.com\/publications\/CAAiEHRwZondIV71PDjWNoqMduEqFAgKIhB0cGaJ3SFe9Tw41jaKjHbh?hl=en-US&amp;gl=US&amp;ceid=US%3Aen\" data-wpel-link=\"external\" target=\"_blank\" rel=\"nofollow external noopener noreferrer\" class=\"ext-link\">&#13;<br \/>\n                    <img loading=\"lazy\" decoding=\"async\" class=\"aligncenter size-full wp-image-575475\" src=\"https:\/\/www.europesays.com\/pt\/wp-content\/uploads\/2025\/10\/1759862235_242_5123dd8b087b644fdb8f8603acd1bad4.png\" alt=\"Siga-nos no Google News\" width=\"176\" height=\"64\"\/>&#13;<br \/>\n                <\/a><\/p>\n","protected":false},"excerpt":{"rendered":"Alfredo Cunha \/ Lusa Antigo presidente da Rep\u00fablica \u00e9 muito divertido, tem muita piada. \u201c\u00c9 um humor negro,&hellip;\n","protected":false},"author":2,"featured_media":121197,"comment_status":"","ping_status":"","sticky":false,"template":"","format":"standard","meta":{"footnotes":""},"categories":[144],"tags":[207,205,206,203,201,202,3471,204,114,115,2085,736,32,33],"class_list":{"0":"post-121196","1":"post","2":"type-post","3":"status-publish","4":"format-standard","5":"has-post-thumbnail","7":"category-arte-e-design","8":"tag-arte","9":"tag-arte-e-design","10":"tag-artedesign","11":"tag-arts","12":"tag-arts-and-design","13":"tag-artsanddesign","14":"tag-curiosidades","15":"tag-design","16":"tag-entertainment","17":"tag-entretenimento","18":"tag-fotografia","19":"tag-historia","20":"tag-portugal","21":"tag-pt"},"share_on_mastodon":{"url":"https:\/\/pubeurope.com\/@pt\/115414991243740447","error":""},"_links":{"self":[{"href":"https:\/\/www.europesays.com\/pt\/wp-json\/wp\/v2\/posts\/121196","targetHints":{"allow":["GET"]}}],"collection":[{"href":"https:\/\/www.europesays.com\/pt\/wp-json\/wp\/v2\/posts"}],"about":[{"href":"https:\/\/www.europesays.com\/pt\/wp-json\/wp\/v2\/types\/post"}],"author":[{"embeddable":true,"href":"https:\/\/www.europesays.com\/pt\/wp-json\/wp\/v2\/users\/2"}],"replies":[{"embeddable":true,"href":"https:\/\/www.europesays.com\/pt\/wp-json\/wp\/v2\/comments?post=121196"}],"version-history":[{"count":0,"href":"https:\/\/www.europesays.com\/pt\/wp-json\/wp\/v2\/posts\/121196\/revisions"}],"wp:featuredmedia":[{"embeddable":true,"href":"https:\/\/www.europesays.com\/pt\/wp-json\/wp\/v2\/media\/121197"}],"wp:attachment":[{"href":"https:\/\/www.europesays.com\/pt\/wp-json\/wp\/v2\/media?parent=121196"}],"wp:term":[{"taxonomy":"category","embeddable":true,"href":"https:\/\/www.europesays.com\/pt\/wp-json\/wp\/v2\/categories?post=121196"},{"taxonomy":"post_tag","embeddable":true,"href":"https:\/\/www.europesays.com\/pt\/wp-json\/wp\/v2\/tags?post=121196"}],"curies":[{"name":"wp","href":"https:\/\/api.w.org\/{rel}","templated":true}]}}