{"id":121198,"date":"2025-10-22T00:30:20","date_gmt":"2025-10-22T00:30:20","guid":{"rendered":"https:\/\/www.europesays.com\/pt\/121198\/"},"modified":"2025-10-22T00:30:20","modified_gmt":"2025-10-22T00:30:20","slug":"a-vida-de-uma-familia-a-minha-maria-botelho-moniz-abre-as-portas-de-sua-casa-e-mostra-a-realidade-do-dia-a-dia-novelas","status":"publish","type":"post","link":"https:\/\/www.europesays.com\/pt\/121198\/","title":{"rendered":"\u00abA vida de uma fam\u00edlia, a minha\u00bb: Maria Botelho Moniz abre as portas de sua casa e mostra a realidade do dia-a-dia &#8211; Novelas"},"content":{"rendered":"<p data-end=\"530\" data-start=\"146\">A apresentadora <a href=\"https:\/\/tvi.iol.pt\/novelas\/pedro-bianchi-prata\/paternidade\/para-de-crescer-meu-pequenino-pedro-bianchi-prata-comove-fas-com-video-viral-do-filho\" rel=\"nofollow noopener\" target=\"_blank\"><strong data-end=\"185\" data-start=\"162\">Maria Botelho Moniz<\/strong><\/a>, de <strong data-end=\"201\" data-start=\"190\">41 anos<\/strong>, voltou a encantar os seguidores ao partilhar um <strong data-end=\"300\" data-start=\"251\">momento \u00edntimo e genu\u00edno da sua vida familiar<\/strong>, longe dos holofotes e das c\u00e2maras. Numa publica\u00e7\u00e3o cheia de ternura e simplicidade, a apresentadora mostrou-se <strong data-end=\"440\" data-start=\"412\">em ambiente descontra\u00eddo<\/strong>, a <strong data-end=\"491\" data-start=\"444\">preparar petiscos para um churrasco em casa<\/strong>, rodeada de amigos e da sua fam\u00edlia.<\/p>\n<p data-end=\"1004\" data-start=\"532\">Conhecida pelo seu <strong data-end=\"604\" data-start=\"551\">carinho, autenticidade e forte sentido de fam\u00edlia<\/strong>, Maria partilhou uma fotografia captada por uma amiga que, segundo revelou, \u201cficou em nossa casa uma semana\u201d. Na imagem, pode ver-se <strong data-end=\"806\" data-start=\"738\">o marido, Pedro Bianchi Prata, a dar o jantar ao pequeno Vicente<\/strong>, enquanto <strong data-end=\"870\" data-start=\"817\">Maria prepara tudo para o \u00faltimo churrasco do ano<\/strong>. O registo transmite uma <strong data-end=\"937\" data-start=\"896\">sensa\u00e7\u00e3o de calma, amor e normalidade<\/strong>, mostrando a apresentadora no seu lado mais humano e quotidiano.<\/p>\n<blockquote class=\"instagram-media\" data-instgrm-captioned=\"\" data-instgrm-permalink=\"https:\/\/www.instagram.com\/p\/DQEO9dEiPac\/?utm_source=ig_embed&amp;utm_campaign=loading\" data-instgrm-version=\"14\" style=\" background:#FFF; border:0; border-radius:3px; box-shadow:0 0 1px 0 rgba(0,0,0,0.5),0 1px 10px 0 rgba(0,0,0,0.15); margin: 1px; max-width:540px; min-width:326px; padding:0; width:99.375%; width:-webkit-calc(100% - 2px); width:calc(100% - 2px);\">\n<\/blockquote>\n<p data-end=\"1086\" data-start=\"1006\">Na legenda, Maria Botelho Moniz escreveu palavras que tocaram muitos cora\u00e7\u00f5es: \u00abUm frame de fam\u00edlia apanhado por uma amiga que ficou em nossa casa uma semana. O Pedro a dar o jantar ao Vicente e eu a preparar tudo para recebermos um pequeno grupo para o \u00faltimo churrasco do ano.\u00a0<strong data-end=\"1369\" data-start=\"1298\">A vida de uma fam\u00edlia, a minha. Da qual me orgulho todos os dias \u2764\ufe0f<\/strong>\u00bb<\/p>\n<p data-end=\"1768\" data-start=\"1374\">A publica\u00e7\u00e3o rapidamente recebeu uma <strong data-end=\"1455\" data-start=\"1411\">onda de elogios e coment\u00e1rios de carinho<\/strong>, com muitos f\u00e3s a destacarem a naturalidade e a serenidade do momento. Um dos coment\u00e1rios bem especial do seu noivo: \u00abHome \u00bb; \u201cQue momento importante \u2764\ufe0f\u201d, \u00abA vida a acontecer. Sem holofotes, sem mascaras, com Amor. Sempre. E \u00e9 t\u00e3o bonita\u00bb. Outros sublinharam que <strong data-end=\"1705\" data-start=\"1619\">Maria Botelho Moniz \u00e9 um exemplo de equil\u00edbrio entre a vida profissional e pessoal<\/strong>, mantendo sempre os p\u00e9s assentes na terra apesar do sucesso.<\/p>\n<p data-end=\"2078\" data-start=\"1770\">Entre programas, projetos e o papel de m\u00e3e, Maria mostra que <strong data-end=\"1949\" data-start=\"1831\">a verdadeira felicidade est\u00e1 nas pequenas coisas \u2014 nas rotinas, nos gestos simples e no amor partilhado em fam\u00edlia<\/strong>. O registo espont\u00e2neo, captado \u201cna correria boa do dia a dia\u201d, revela uma mulher serena, confiante e grata pelo que construiu.<\/p>\n<p data-end=\"2078\" data-start=\"1770\">Reveja aqui mais um momento em fam\u00edlia muito engra\u00e7ado:<\/p>\n<p data-end=\"2390\" data-is-last-node=\"\" data-is-only-node=\"\" data-start=\"2080\">Com esta partilha, <strong data-end=\"2173\" data-start=\"2099\">Maria Botelho Moniz refor\u00e7a a imagem de mulher aut\u00eantica e inspiradora<\/strong>, provando que, por detr\u00e1s da figura televisiva, h\u00e1 uma m\u00e3e e esposa que vive com intensidade cada instante do quotidiano. <strong data-end=\"2390\" data-is-last-node=\"\" data-start=\"2296\">Uma vida simples, mas plena \u2014 e da qual, como diz com orgulho, n\u00e3o podia estar mais feliz.<\/strong><\/p>\n<p>Veja aqui:\u00a0<\/p>\n<p><a href=\"https:\/\/tvi.iol.pt\/novelas\/ines-castel-branco\/filho\/esta-e-a-perdicao-de-ines-castel-branco-que-so-o-filho-conhece\" wbo-id=\"52\" rel=\"nofollow noopener\" target=\"_blank\">Esta \u00e9 a perdi\u00e7\u00e3o de In\u00eas Castel-Branco que s\u00f3 o filho conhece &#8211; Novelas &#8211; TVI<\/a><\/p>\n<p><a href=\"https:\/\/tvi.iol.pt\/novelas\/ines-aires-pereira\/david-ferreira\/ines-aires-pereira-assume-reconciliacao-com-o-ex-companheiro\" wbo-id=\"53\" rel=\"nofollow noopener\" target=\"_blank\">In\u00eas Aires Pereira assume reconcilia\u00e7\u00e3o com o ex-companheiro &#8211; Novelas &#8211; TVI<\/a><\/p>\n<p>                        <script async src=\"\/\/www.instagram.com\/embed.js\"><\/script><\/p>\n","protected":false},"excerpt":{"rendered":"A apresentadora Maria Botelho Moniz, de 41 anos, voltou a encantar os seguidores ao partilhar um momento \u00edntimo&hellip;\n","protected":false},"author":2,"featured_media":121199,"comment_status":"","ping_status":"","sticky":false,"template":"","format":"standard","meta":{"footnotes":""},"categories":[142],"tags":[2642,160,166,114,115,981,157,167,164,338,161,158,4089,165,159,32,33,156,163,151,162],"class_list":{"0":"post-121198","1":"post","2":"type-post","3":"status-publish","4":"format-standard","5":"has-post-thumbnail","7":"category-tv","8":"tag-amor","9":"tag-ana-guiomar","10":"tag-cristina-ferreira","11":"tag-entertainment","12":"tag-entretenimento","13":"tag-familia","14":"tag-festa-e-festa","15":"tag-ficcao","16":"tag-jose-fidalgo","17":"tag-maria-botelho-moniz","18":"tag-novelas","19":"tag-para-sempre","20":"tag-pedro-bianchi-prata","21":"tag-pedro-sousa","22":"tag-pedro-teixeira","23":"tag-portugal","24":"tag-pt","25":"tag-queridos-papas","26":"tag-tiago-teotonio-pereira","27":"tag-tv","28":"tag-tvi"},"share_on_mastodon":{"url":"https:\/\/pubeurope.com\/@pt\/115414998971817817","error":""},"_links":{"self":[{"href":"https:\/\/www.europesays.com\/pt\/wp-json\/wp\/v2\/posts\/121198","targetHints":{"allow":["GET"]}}],"collection":[{"href":"https:\/\/www.europesays.com\/pt\/wp-json\/wp\/v2\/posts"}],"about":[{"href":"https:\/\/www.europesays.com\/pt\/wp-json\/wp\/v2\/types\/post"}],"author":[{"embeddable":true,"href":"https:\/\/www.europesays.com\/pt\/wp-json\/wp\/v2\/users\/2"}],"replies":[{"embeddable":true,"href":"https:\/\/www.europesays.com\/pt\/wp-json\/wp\/v2\/comments?post=121198"}],"version-history":[{"count":0,"href":"https:\/\/www.europesays.com\/pt\/wp-json\/wp\/v2\/posts\/121198\/revisions"}],"wp:featuredmedia":[{"embeddable":true,"href":"https:\/\/www.europesays.com\/pt\/wp-json\/wp\/v2\/media\/121199"}],"wp:attachment":[{"href":"https:\/\/www.europesays.com\/pt\/wp-json\/wp\/v2\/media?parent=121198"}],"wp:term":[{"taxonomy":"category","embeddable":true,"href":"https:\/\/www.europesays.com\/pt\/wp-json\/wp\/v2\/categories?post=121198"},{"taxonomy":"post_tag","embeddable":true,"href":"https:\/\/www.europesays.com\/pt\/wp-json\/wp\/v2\/tags?post=121198"}],"curies":[{"name":"wp","href":"https:\/\/api.w.org\/{rel}","templated":true}]}}