{"id":121211,"date":"2025-10-22T00:42:10","date_gmt":"2025-10-22T00:42:10","guid":{"rendered":"https:\/\/www.europesays.com\/pt\/121211\/"},"modified":"2025-10-22T00:42:10","modified_gmt":"2025-10-22T00:42:10","slug":"axl-rose-atira-microfone-e-chuta-bateria-em-show-do-guns-n-roses","status":"publish","type":"post","link":"https:\/\/www.europesays.com\/pt\/121211\/","title":{"rendered":"Axl Rose atira microfone e chuta bateria em show do Guns N\u2019 Roses"},"content":{"rendered":"<p>Axl Rose, 63, protagonizou um momento tenso durante a mais recente apresenta\u00e7\u00e3o do Guns N&#8217; Roses, realizada no s\u00e1bado (18), no Est\u00e1dio Tom\u00e1s Adolfo Duc\u00f3, em Buenos Aires.<\/p>\n<blockquote class=\"instagram-media\" style=\"background: #FFF; border: 0; border-radius: 3px; box-shadow: 0 0 1px 0 rgba(0,0,0,0.5),0 1px 10px 0 rgba(0,0,0,0.15); margin: 1px; max-width: 540px; min-width: 326px; padding: 0; width: calc(100% - 2px);\" data-instgrm-captioned=\"\" data-instgrm-permalink=\"https:\/\/www.instagram.com\/reel\/DQCqOVUjKxU\/?utm_source=ig_embed&amp;utm_campaign=loading\" data-instgrm-version=\"14\"><p>&#13;<br \/>\n&#13;\n<\/p><\/blockquote>\n<p>\u00a0<\/p>\n<p>\u00a0<\/p>\n<p>Visivelmente irritado, o vocalista arremessou o microfone no ch\u00e3o e chegou a chutar parte da bateria antes de deixar o palco. De acordo com v\u00eddeos que circulam nas redes sociais, o cantor reclamava enquanto deixava a \u00e1rea de performance, ap\u00f3s enfrentar problemas t\u00e9cnicos que marcaram o in\u00edcio do show.<\/p>\n<p>O vocalista ficou irritado enquanto cantava &#8220;Welcome to the Jungle&#8221;, a primeira can\u00e7\u00e3o do set. No decorrer da atua\u00e7\u00e3o, Rose voltou a demonstrar a sua frustra\u00e7\u00e3o, pontapeando o bombo. &#8220;Vou tentar improvisar&#8221;, disse Rose em um dos momentos.<\/p>\n<p>A apresenta\u00e7\u00e3o fazia parte da turn\u00ea &#8220;Because What You Want &amp; What You Get Are Two Completely Different Things&#8221;, que chega nesta ter\u00e7a-feira (21) ao Brasil. O Guns N&#8217; Roses ter\u00e1 uma s\u00e9rie de cinco apresenta\u00e7\u00f5es pelo pa\u00eds, come\u00e7ando por S\u00e3o Jos\u00e9, em Santa Catarina. Na sequ\u00eancia, o grupo se apresenta em S\u00e3o Paulo (25), Curitiba (28), Cuiab\u00e1 (31) e encerra em Bras\u00edlia, no dia 2 de novembro.<\/p>\n<p>            <script async src=\"\/\/www.instagram.com\/embed.js\"><\/script><\/p>\n","protected":false},"excerpt":{"rendered":"Axl Rose, 63, protagonizou um momento tenso durante a mais recente apresenta\u00e7\u00e3o do Guns N&#8217; Roses, realizada no&hellip;\n","protected":false},"author":2,"featured_media":121212,"comment_status":"","ping_status":"","sticky":false,"template":"","format":"standard","meta":{"footnotes":""},"categories":[145],"tags":[24662,7401,211,210,114,115,28037,32,33],"class_list":{"0":"post-121211","1":"post","2":"type-post","3":"status-publish","4":"format-standard","5":"has-post-thumbnail","7":"category-celebridades","8":"tag-axl-rose","9":"tag-buenos-aires","10":"tag-celebridades","11":"tag-celebrities","12":"tag-entertainment","13":"tag-entretenimento","14":"tag-microfone","15":"tag-portugal","16":"tag-pt"},"share_on_mastodon":{"url":"https:\/\/pubeurope.com\/@pt\/115415046102144788","error":""},"_links":{"self":[{"href":"https:\/\/www.europesays.com\/pt\/wp-json\/wp\/v2\/posts\/121211","targetHints":{"allow":["GET"]}}],"collection":[{"href":"https:\/\/www.europesays.com\/pt\/wp-json\/wp\/v2\/posts"}],"about":[{"href":"https:\/\/www.europesays.com\/pt\/wp-json\/wp\/v2\/types\/post"}],"author":[{"embeddable":true,"href":"https:\/\/www.europesays.com\/pt\/wp-json\/wp\/v2\/users\/2"}],"replies":[{"embeddable":true,"href":"https:\/\/www.europesays.com\/pt\/wp-json\/wp\/v2\/comments?post=121211"}],"version-history":[{"count":0,"href":"https:\/\/www.europesays.com\/pt\/wp-json\/wp\/v2\/posts\/121211\/revisions"}],"wp:featuredmedia":[{"embeddable":true,"href":"https:\/\/www.europesays.com\/pt\/wp-json\/wp\/v2\/media\/121212"}],"wp:attachment":[{"href":"https:\/\/www.europesays.com\/pt\/wp-json\/wp\/v2\/media?parent=121211"}],"wp:term":[{"taxonomy":"category","embeddable":true,"href":"https:\/\/www.europesays.com\/pt\/wp-json\/wp\/v2\/categories?post=121211"},{"taxonomy":"post_tag","embeddable":true,"href":"https:\/\/www.europesays.com\/pt\/wp-json\/wp\/v2\/tags?post=121211"}],"curies":[{"name":"wp","href":"https:\/\/api.w.org\/{rel}","templated":true}]}}