{"id":121213,"date":"2025-10-22T00:45:16","date_gmt":"2025-10-22T00:45:16","guid":{"rendered":"https:\/\/www.europesays.com\/pt\/121213\/"},"modified":"2025-10-22T00:45:16","modified_gmt":"2025-10-22T00:45:16","slug":"viral-este-e-o-penteado-de-marcia-soares-que-todas-querem-imitar-secret-story","status":"publish","type":"post","link":"https:\/\/www.europesays.com\/pt\/121213\/","title":{"rendered":"Viral: Este \u00e9 o penteado de Marcia Soares que todas querem imitar &#8211; Secret Story"},"content":{"rendered":"<p style=\"margin-bottom:11px\"><strong>Marcia Soares<\/strong>\u00a0recorreu \u00e0s redes sociais para partilhar um conjunto de fotografias que mostram o lado mais privado do seu dia-a-dia. No meio de v\u00e1rias fotos, houve uma que se destacou: a<a href=\"https:\/\/tvi.iol.pt\/secretstory\/search?pagina=1&amp;pesquisa=marcia+soares\" rel=\"nofollow noopener\" target=\"_blank\">\u00a0<strong>ex-concorrente e comentadora<\/strong><\/a><strong>\u00a0surgiu com um penteado simples, elegante, mas arrojado, que todas querem recriar.<\/strong><\/p>\n<p style=\"margin-bottom:11px\">No registo em quest\u00e3o,<a href=\"https:\/\/tvi.iol.pt\/secretstory\/marcia-soares\/vida\/marcia-soares-abre-o-livro-da-sua-vida-e-deixa-aviso-nunca-se-deixem-enganar-por-este-sorriso\" rel=\"nofollow noopener\" target=\"_blank\"> que est\u00e1 na terceira posi\u00e7\u00e3o do carrossel de imagens<\/a>, Marcia surge com umas ondas muito naturais, que lhe d\u00e3o um estilo mais &#8216;wild&#8217; sem perder a eleg\u00e2ncia que lhe \u00e9 t\u00e3o caracter\u00edstica. \u00abO tal cabelo que vos tenho de mostrar como se faz\u00bb, escreveu na legenda da mesma imagem.<\/p>\n<p style=\"margin-bottom:11px\">Apesar de ainda n\u00e3o ter revelado o seu truque para fazer estas ondas soltas e super naturais em casa, h\u00e1 v\u00e1rios truques que pode adotar para as poder fazer. Um deles \u00e9 dormir com v\u00e1rias tran\u00e7as no cabelo, outro \u00e9 comprar rolos e enrolar todo o cabelo at\u00e9 ele secar (pode usar a ajuda de um secador).<\/p>\n<p style=\"margin-bottom:11px\">Na caixa de coment\u00e1rios, <a href=\"https:\/\/tvi.iol.pt\/secretstory\/marcia-soares\/fotos\/que-barriguinha-linda-marcia-soares-agita-as-redes-sociais-com-novidade-especial\" rel=\"nofollow noopener\" target=\"_blank\">surgiram v\u00e1rios elogios por parte dos f\u00e3s.<\/a> \u00abLindona \ud83e\udd0d\u00bb, \u00abQue luz bonita \ud83e\udd0d\u2728\ufe0f\u00bb, \u00abMeu deus \ud83d\udd25\ud83d\udd25\u00bb, \u00abJ\u00e1 te disseram que est\u00e1s cada dia mais linda? \ud83d\ude0f\u2764\ufe0f\u00bb, \u00abAmei todas as fotos\ud83d\ude0d\u00bb, \u00abAdorei a 3\u00b0 foto \ud83d\udd25 ok e as outras tamb\u00e9m \ud83d\udd25\u00bb, \u00abQue Mulher deslumbrante! \ud83d\udd25\u00bb, \u00abUma deusa!\u00bb, pode ler-se, nos coment\u00e1rios.<\/p>\n<p style=\"margin-bottom:11px\"><strong>Veja aqui a publica\u00e7\u00e3o em quest\u00e3o:<\/strong><\/p>\n<blockquote class=\"instagram-media\" data-instgrm-captioned=\"\" data-instgrm-permalink=\"https:\/\/www.instagram.com\/p\/DQAShGFjHaA\/?utm_source=ig_embed&amp;utm_campaign=loading\" data-instgrm-version=\"14\" style=\" background:#FFF; border:0; border-radius:3px; box-shadow:0 0 1px 0 rgba(0,0,0,0.5),0 1px 10px 0 rgba(0,0,0,0.15); margin: 1px; max-width:540px; min-width:326px; padding:0; width:99.375%; width:-webkit-calc(100% - 2px); width:calc(100% - 2px);\">\n<\/blockquote>\n<p>                        <script async src=\"\/\/www.instagram.com\/embed.js\"><\/script><\/p>\n","protected":false},"excerpt":{"rendered":"Marcia Soares\u00a0recorreu \u00e0s redes sociais para partilhar um conjunto de fotografias que mostram o lado mais privado do&hellip;\n","protected":false},"author":2,"featured_media":121214,"comment_status":"","ping_status":"","sticky":false,"template":"","format":"standard","meta":{"footnotes":""},"categories":[142],"tags":[18706,114,115,18705,1899,2038,8550,32,33,151,18704],"class_list":{"0":"post-121213","1":"post","2":"type-post","3":"status-publish","4":"format-standard","5":"has-post-thumbnail","7":"category-tv","8":"tag-bastidores-secret-story","9":"tag-entertainment","10":"tag-entretenimento","11":"tag-entrevistas-concorrentes-tvi","12":"tag-estilo","13":"tag-marcia-soares","14":"tag-penteado","15":"tag-portugal","16":"tag-pt","17":"tag-tv","18":"tag-vida-fora-da-casa"},"share_on_mastodon":{"url":"https:\/\/pubeurope.com\/@pt\/115415058023130542","error":""},"_links":{"self":[{"href":"https:\/\/www.europesays.com\/pt\/wp-json\/wp\/v2\/posts\/121213","targetHints":{"allow":["GET"]}}],"collection":[{"href":"https:\/\/www.europesays.com\/pt\/wp-json\/wp\/v2\/posts"}],"about":[{"href":"https:\/\/www.europesays.com\/pt\/wp-json\/wp\/v2\/types\/post"}],"author":[{"embeddable":true,"href":"https:\/\/www.europesays.com\/pt\/wp-json\/wp\/v2\/users\/2"}],"replies":[{"embeddable":true,"href":"https:\/\/www.europesays.com\/pt\/wp-json\/wp\/v2\/comments?post=121213"}],"version-history":[{"count":0,"href":"https:\/\/www.europesays.com\/pt\/wp-json\/wp\/v2\/posts\/121213\/revisions"}],"wp:featuredmedia":[{"embeddable":true,"href":"https:\/\/www.europesays.com\/pt\/wp-json\/wp\/v2\/media\/121214"}],"wp:attachment":[{"href":"https:\/\/www.europesays.com\/pt\/wp-json\/wp\/v2\/media?parent=121213"}],"wp:term":[{"taxonomy":"category","embeddable":true,"href":"https:\/\/www.europesays.com\/pt\/wp-json\/wp\/v2\/categories?post=121213"},{"taxonomy":"post_tag","embeddable":true,"href":"https:\/\/www.europesays.com\/pt\/wp-json\/wp\/v2\/tags?post=121213"}],"curies":[{"name":"wp","href":"https:\/\/api.w.org\/{rel}","templated":true}]}}