{"id":121215,"date":"2025-10-22T00:46:07","date_gmt":"2025-10-22T00:46:07","guid":{"rendered":"https:\/\/www.europesays.com\/pt\/121215\/"},"modified":"2025-10-22T00:46:07","modified_gmt":"2025-10-22T00:46:07","slug":"guerreiras-do-k-pop-ajudou-dubladora-de-rumi-a-superar-problema-pessoal-saiba-como","status":"publish","type":"post","link":"https:\/\/www.europesays.com\/pt\/121215\/","title":{"rendered":"\u2018Guerreiras do K-pop&#8217; ajudou dubladora de Rumi a superar problema pessoal; saiba como"},"content":{"rendered":"<p>A anima\u00e7\u00e3o \u2018<a href=\"https:\/\/recreio.com.br\/tags\/guerreiras-do-k-pop\" target=\"_blank\" rel=\"noopener nofollow\">Guerreiras do K-pop<\/a>\u2018, lan\u00e7ada em 2025, tornou-se um fen\u00f4meno global e alcan\u00e7ou a posi\u00e7\u00e3o de filme mais assistido na hist\u00f3ria da Netflix. A produ\u00e7\u00e3o musical uniu a est\u00e9tica do universo do k-pop com uma trama sombria, conquistando recordes de audi\u00eancia que repercutiram tamb\u00e9m entre os profissionais envolvidos. <\/p>\n<p>Entre os nomes do elenco de vozes em ingl\u00eas, a atriz <strong>Arden Cho\u00a0<\/strong>(Teen Wolf), que deu vida a protagonista Rumi, integrante do <a href=\"https:\/\/recreio.com.br\/noticias\/entretenimento\/guerreiras-do-k-pop-5-covers-de-golden-feitos-por-idols-de-k-pop-que-voce-precisa-ouvir.phtml\" target=\"_blank\" rel=\"noopener nofollow\">HUNT\/X<\/a>, se manifestou publicamente sobre o impacto pessoal que o sucesso do longa teve em sua trajet\u00f3ria ap\u00f3s viver per\u00edodo dif\u00edcil com o cancelamento de sua primeira s\u00e9rie como protagonista, \u2018Partner Track\u2019, em 2022. <\/p>\n<p> Afinal, o que ela revelou? <\/p>\n<p>Em uma publica\u00e7\u00e3o nas redes sociais, a artista contou que o cancelamento do seriado a deixou desanimada ao ponto de considerar o fim da carreira. Ap\u00f3s dedicar duas d\u00e9cadas \u00e0 atua\u00e7\u00e3o, <strong>Arden <\/strong>descreveu que se sentiu \u201cde cora\u00e7\u00e3o partido, desanimada e acabada\u201d, e chegou a se afastar da ind\u00fastria por um ano. O retorno aconteceu justamente com projeto liderado por <a href=\"https:\/\/www.instagram.com\/nutmags\/?hl=en\" target=\"_blank\" rel=\"noopener nofollow\"><strong>Maggie Kang<\/strong><\/a> e <strong>Chris Appelhans,<\/strong> que marcou uma virada simb\u00f3lica em sua trajet\u00f3ria.<\/p>\n<p>A coincid\u00eancia entre as datas chamou aten\u00e7\u00e3o da artista, ao que, em 26 de agosto de 2022, \u201c<a href=\"https:\/\/en.wikipedia.org\/wiki\/Partner_Track\" target=\"_blank\" rel=\"noopener nofollow\">Partner Track<\/a>\u201d estreava na plataforma, e exatamente tr\u00eas anos depois, em 26 de agosto de 2025, \u201cGuerreiras do K-pop\u201d se tornava o filme mais assistido da hist\u00f3ria da Netflix. <\/p>\n<blockquote>\n<p>\u201cSe isso n\u00e3o \u00e9 um sinal de Deus para continuar, eu n\u00e3o sei o que \u00e9. Pensei que meu tempo tinha acabado, mas \u00e9 absolutamente selvagem que seja a data exata\u201d, relatou.<\/p>\n<\/blockquote>\n<p><strong>Arden<\/strong> afirmou que o sucesso da anima\u00e7\u00e3o funcionou como um ponto de cura e motiva\u00e7\u00e3o, confessando que ao decidir voltar \u00e0 atua\u00e7\u00e3o, ela optou por participar apenas de produ\u00e7\u00f5es lideradas por artistas asi\u00e1ticos que a inspirassem, citando os trabalhos em \u201cMaybe Happy Ending\u201d, \u201cAvatar: The Last Airbender\u201d e o pr\u00f3prio l<a href=\"https:\/\/www.netflix.com\/pt\/title\/81498621\" target=\"_blank\" rel=\"noopener nofollow\">onga animado<\/a> como parte dessa nova fase.<\/p>\n<p>\t                                            <script async src=\"\/\/www.instagram.com\/embed.js\"><\/script><\/p>\n","protected":false},"excerpt":{"rendered":"A anima\u00e7\u00e3o \u2018Guerreiras do K-pop\u2018, lan\u00e7ada em 2025, tornou-se um fen\u00f4meno global e alcan\u00e7ou a posi\u00e7\u00e3o de filme&hellip;\n","protected":false},"author":2,"featured_media":121216,"comment_status":"","ping_status":"","sticky":false,"template":"","format":"standard","meta":{"footnotes":""},"categories":[141],"tags":[1415,10195,114,115,4550,149,150,716,32,33],"class_list":{"0":"post-121215","1":"post","2":"type-post","3":"status-publish","4":"format-standard","5":"has-post-thumbnail","7":"category-musica","8":"tag-animacao","9":"tag-animacoes","10":"tag-entertainment","11":"tag-entretenimento","12":"tag-guerreiras-do-k-pop","13":"tag-music","14":"tag-musica","15":"tag-netflix","16":"tag-portugal","17":"tag-pt"},"share_on_mastodon":{"url":"https:\/\/pubeurope.com\/@pt\/115415061934733502","error":""},"_links":{"self":[{"href":"https:\/\/www.europesays.com\/pt\/wp-json\/wp\/v2\/posts\/121215","targetHints":{"allow":["GET"]}}],"collection":[{"href":"https:\/\/www.europesays.com\/pt\/wp-json\/wp\/v2\/posts"}],"about":[{"href":"https:\/\/www.europesays.com\/pt\/wp-json\/wp\/v2\/types\/post"}],"author":[{"embeddable":true,"href":"https:\/\/www.europesays.com\/pt\/wp-json\/wp\/v2\/users\/2"}],"replies":[{"embeddable":true,"href":"https:\/\/www.europesays.com\/pt\/wp-json\/wp\/v2\/comments?post=121215"}],"version-history":[{"count":0,"href":"https:\/\/www.europesays.com\/pt\/wp-json\/wp\/v2\/posts\/121215\/revisions"}],"wp:featuredmedia":[{"embeddable":true,"href":"https:\/\/www.europesays.com\/pt\/wp-json\/wp\/v2\/media\/121216"}],"wp:attachment":[{"href":"https:\/\/www.europesays.com\/pt\/wp-json\/wp\/v2\/media?parent=121215"}],"wp:term":[{"taxonomy":"category","embeddable":true,"href":"https:\/\/www.europesays.com\/pt\/wp-json\/wp\/v2\/categories?post=121215"},{"taxonomy":"post_tag","embeddable":true,"href":"https:\/\/www.europesays.com\/pt\/wp-json\/wp\/v2\/tags?post=121215"}],"curies":[{"name":"wp","href":"https:\/\/api.w.org\/{rel}","templated":true}]}}