{"id":121233,"date":"2025-10-22T01:01:14","date_gmt":"2025-10-22T01:01:14","guid":{"rendered":"https:\/\/www.europesays.com\/pt\/121233\/"},"modified":"2025-10-22T01:01:14","modified_gmt":"2025-10-22T01:01:14","slug":"caramelo-com-cenas-em-sao-bernardo-vira-fenomeno-mundial-na-netflix-21-10-2025","status":"publish","type":"post","link":"https:\/\/www.europesays.com\/pt\/121233\/","title":{"rendered":"&#8216;Caramelo&#8217;, com cenas em S\u00e3o Bernardo, vira fen\u00f4meno mundial na Netflix &#8211; 21\/10\/2025"},"content":{"rendered":"<p>O carisma do vira-lata mais famoso do Brasil conquistou o mundo. Caramelo, longa nacional estrelado por Rafael Vitti que teve cenas gravadas em S\u00e3o Bernardo, alcan\u00e7ou um feito in\u00e9dito ao se tornar o t\u00edtulo brasileiro de maior alcance global na hist\u00f3ria da Netflix. Duas semanas ap\u00f3s a estreia, o filme segue entre os quatro mais assistidos do mundo \u2014 e lidera o ranking entre as produ\u00e7\u00f5es de l\u00edngua n\u00e3o inglesa.<br \/>&#13;\n<\/p>\n<p><strong>LEIA MAIS: <a href=\"https:\/\/www.dgabc.com.br\/Noticia\/4263173\/netflix-caramelo-entra-no-top-3-de-filmes-mais-assistidos-no-mundo\" rel=\"nofollow noopener\" target=\"_blank\">Netflix: &#8216;Caramelo&#8217; entra no top 3 de filmes mais assistidos no mundo<\/a><\/strong><\/p>\n<p>O sucesso \u00e9 expressivo: Caramelo entrou no Top 10 da plataforma em 90 pa\u00edses, incluindo mercados estrat\u00e9gicos como Canad\u00e1, Fran\u00e7a, Alemanha, M\u00e9xico, Coreia do Sul e Jap\u00e3o. Ao todo, o longa j\u00e1 acumula mais de 15 milh\u00f5es de visualiza\u00e7\u00f5es, consolidando o cachorro Amendoim \u2014 o ic\u00f4nico vira-lata do t\u00edtulo \u2014 como um novo s\u00edmbolo do cinema brasileiro no exterior.<br \/>&#13;\n<\/p>\n<p>Dirigido por Diego Freitas e escrito em parceria com Rod Azevedo e Vitor Brandt, com colabora\u00e7\u00e3o de Carolina Castro e consultoria de Marcelo Saback, o filme acompanha Pedro (Rafael Vitti), um jovem chef que v\u00ea sua vida mudar ap\u00f3s um diagn\u00f3stico inesperado. Ao lado de seu fiel companheiro, ele embarca em uma jornada de autodescoberta e reconex\u00e3o com o que realmente importa.<br \/>&#13;\n<\/p>\n<p>O \u00eaxito de Caramelo refor\u00e7a o bom momento das produ\u00e7\u00f5es nacionais e latino-americanas na Netflix. Em 2025, t\u00edtulos como Pssica, DNA do Crime (2\u00aa temporada), Vini Jr. e Congonhas: Trag\u00e9dia Anunciada tamb\u00e9m figuraram entre os mais assistidos em diversos pa\u00edses \u2014 prova de que hist\u00f3rias aut\u00eanticas e locais podem ter alcance universal.<br \/>&#13;\n<\/p>\n<p><strong>LEIA MAIS:\u00a0<a href=\"https:\/\/www.dgabc.com.br\/Noticia\/4256437\/-caramelo-netflix-divulga-trailer-de-filme-que-une-risos-emocao-e-pets\" rel=\"nofollow noopener\" target=\"_blank\">&#8216;Caramelo&#8217;: Netflix divulga trailer de filme que une risos, emo\u00e7\u00e3o e pets<\/a><\/strong><\/p>\n<p>A plataforma tamb\u00e9m registrou um destaque regional nesta semana: os filmes 27 Noites (Argentina) e Limpa (Chile), al\u00e9m das s\u00e9ries Ningu\u00e9m Nos Viu Partir (M\u00e9xico) e A H\u00f3spede (Col\u00f4mbia), integraram o Top 10 global de produ\u00e7\u00f5es em l\u00edngua n\u00e3o inglesa, ampliando a representatividade latino-americana no streaming.<\/p>\n","protected":false},"excerpt":{"rendered":"O carisma do vira-lata mais famoso do Brasil conquistou o mundo. Caramelo, longa nacional estrelado por Rafael Vitti&hellip;\n","protected":false},"author":2,"featured_media":121234,"comment_status":"","ping_status":"","sticky":false,"template":"","format":"standard","meta":{"footnotes":""},"categories":[140],"tags":[2285,2298,25601,28038,2299,2286,2293,2297,2287,476,114,115,1062,28039,147,148,2284,82,2292,146,619,716,1133,13,2300,2288,52,987,32,33,2294,2295,27302,2289,2290,2291,2296,1456],"class_list":{"0":"post-121233","1":"post","2":"type-post","3":"status-publish","4":"format-standard","5":"has-post-thumbnail","7":"category-filmes","8":"tag-abc","9":"tag-automoveis","10":"tag-caramelo","11":"tag-cenas","12":"tag-d","13":"tag-dgabc","14":"tag-diadema","15":"tag-diarinho","16":"tag-diario","17":"tag-economia","18":"tag-entertainment","19":"tag-entretenimento","20":"tag-esportes","21":"tag-fenmeno-mundial","22":"tag-film","23":"tag-filmes","24":"tag-grande-abc","25":"tag-internacional","26":"tag-maua","27":"tag-movies","28":"tag-nacional","29":"tag-netflix","30":"tag-noticia","31":"tag-noticias","32":"tag-noticias-on-line-abc","33":"tag-on-line","34":"tag-politica","35":"tag-portal","36":"tag-portugal","37":"tag-pt","38":"tag-ribeirao-pires","39":"tag-rio-grande-da-serra","40":"tag-so-bernardo","41":"tag-santo-andre","42":"tag-sao-bernardo","43":"tag-sao-caetano","44":"tag-setecidades","45":"tag-turismo"},"share_on_mastodon":{"url":"","error":""},"_links":{"self":[{"href":"https:\/\/www.europesays.com\/pt\/wp-json\/wp\/v2\/posts\/121233","targetHints":{"allow":["GET"]}}],"collection":[{"href":"https:\/\/www.europesays.com\/pt\/wp-json\/wp\/v2\/posts"}],"about":[{"href":"https:\/\/www.europesays.com\/pt\/wp-json\/wp\/v2\/types\/post"}],"author":[{"embeddable":true,"href":"https:\/\/www.europesays.com\/pt\/wp-json\/wp\/v2\/users\/2"}],"replies":[{"embeddable":true,"href":"https:\/\/www.europesays.com\/pt\/wp-json\/wp\/v2\/comments?post=121233"}],"version-history":[{"count":0,"href":"https:\/\/www.europesays.com\/pt\/wp-json\/wp\/v2\/posts\/121233\/revisions"}],"wp:featuredmedia":[{"embeddable":true,"href":"https:\/\/www.europesays.com\/pt\/wp-json\/wp\/v2\/media\/121234"}],"wp:attachment":[{"href":"https:\/\/www.europesays.com\/pt\/wp-json\/wp\/v2\/media?parent=121233"}],"wp:term":[{"taxonomy":"category","embeddable":true,"href":"https:\/\/www.europesays.com\/pt\/wp-json\/wp\/v2\/categories?post=121233"},{"taxonomy":"post_tag","embeddable":true,"href":"https:\/\/www.europesays.com\/pt\/wp-json\/wp\/v2\/tags?post=121233"}],"curies":[{"name":"wp","href":"https:\/\/api.w.org\/{rel}","templated":true}]}}