{"id":121239,"date":"2025-10-22T01:10:11","date_gmt":"2025-10-22T01:10:11","guid":{"rendered":"https:\/\/www.europesays.com\/pt\/121239\/"},"modified":"2025-10-22T01:10:11","modified_gmt":"2025-10-22T01:10:11","slug":"bella-campos-revela-frustracao-com-novo-visual-desisti","status":"publish","type":"post","link":"https:\/\/www.europesays.com\/pt\/121239\/","title":{"rendered":"Bella Campos revela frustra\u00e7\u00e3o com novo visual: &#8220;Desisti&#8221;"},"content":{"rendered":"<p><a href=\"https:\/\/caras.com.br\/tags\/bella-campos\" rel=\"nofollow noopener\" target=\"_blank\"><strong>Bella Campos<\/strong><\/a> surpreendeu os seguidores nesta ter\u00e7a-feira, 21, ao mostrar o resultado da mudan\u00e7a de visual ap\u00f3s se despedir do cabelo curtinho de Maria de F\u00e1tima, sua personagem em Vale Tudo. A atriz optou por colocar extens\u00f5es longas, mas revelou que o resultado n\u00e3o ficou como imaginava.<\/p>\n<p>Nos stories, Bella desabafou sobre a tentativa de fazer uma transi\u00e7\u00e3o marcante entre os visuais. \u201cEsse v\u00eddeo \u00e9 para voc\u00eas n\u00e3o criarem muita expectativa desse novo visual aqui, que eu estava fazendo uma cena, para fazer aquela transi\u00e7\u00e3o assim \u2018tchan, olha o meu novo cabelo\u2019. S\u00f3 que eu n\u00e3o sei se est\u00e1 dando certo, como eu queria\u201d, disse.<\/p>\n<p>A atriz explicou que buscou inspira\u00e7\u00e3o na atriz norte-americana Zendaya, conhecida por seus looks sofisticados e cortes fashion, mas o formato natural de seu cabelo impediu o resultado desejado. \u201cPrimeiro que eu queria um corte que ficasse assim, \u00f3, franjinha e tal. Meu cabelo n\u00e3o fica direito no dia a dia. Ele fica na hora que arruma, a\u00ed depois ele n\u00e3o fica mais. Ent\u00e3o, j\u00e1 desisti da minha franjinha\u201d, contou Bella.<\/p>\n<p>Bella comentou ainda que tentou adaptar o penteado ao seu estilo, mas a diferen\u00e7a de volume trouxe um resultado inesperado. \u201cA\u00ed botei o mega, s\u00f3 que eu tenho muito cabelo, ent\u00e3o o mega ficou uma coisa rala, e o meu cabelo ficou volumoso\u201d, completou, rindo da situa\u00e7\u00e3o.<\/p>\n<p>\t <img loading=\"lazy\" decoding=\"async\" class=\"wp-image-1020889 size-full img-fluid lazy\" alt=\"Stories de Bella Campos - Reprodu\u00e7\u00e3o \/ Instagram\" width=\"335\" height=\"602\" src=\"https:\/\/www.europesays.com\/pt\/wp-content\/uploads\/2025\/10\/stories-bella-campos-2.jpg\"  \/>Stories de Bella Campos \u2013 Reprodu\u00e7\u00e3o \/ Instagram <\/p>\n<p>\u00a0<\/p>\n<p> <img loading=\"lazy\" decoding=\"async\" class=\"wp-image-1020890 size-full img-fluid lazy\" alt=\"Stories de Bella Campos - Reprodu\u00e7\u00e3o \/ Instagram\" width=\"332\" height=\"606\" src=\"https:\/\/www.europesays.com\/pt\/wp-content\/uploads\/2025\/10\/stories-bella-campos.jpg\"  \/>Stories de Bella Campos \u2013 Reprodu\u00e7\u00e3o \/ Instagram Novo visual de Bella Campos e rea\u00e7\u00e3o dos f\u00e3s <\/p>\n<p>Na segunda-feira, 20, Bella j\u00e1 havia adiantado a mudan\u00e7a ao publicar uma sequ\u00eancia de fotos com a legenda: \u201cImagens em tempo realllll, novo visu vindo a\u00ed meninas\u201d.<\/p>\n<blockquote class=\"instagram-media\" style=\"background: #FFF; border: 0; border-radius: 3px; box-shadow: 0 0 1px 0 rgba(0,0,0,0.5),0 1px 10px 0 rgba(0,0,0,0.15); margin: 1px; max-width: 540px; min-width: 326px; padding: 0; width: calc(100% - 2px);\" data-instgrm-captioned=\"\" data-instgrm-permalink=\"https:\/\/www.instagram.com\/p\/DQCrajZjo00\/?utm_source=ig_embed&amp;utm_campaign=loading\" data-instgrm-version=\"14\"><\/blockquote>\n<p>Apesar do resultado n\u00e3o sair exatamente como o planejado, a atriz recebeu elogios dos seguidores. Com bom humor, Bella encerrou o v\u00eddeo dizendo que ainda pretende ajustar o visual. \u201cN\u00e3o sei o que eu t\u00f4 parecendo, mas \u00e9 isso a\u00ed. A gente tenta, n\u00e9?\u201d, brincou.<\/p>\n<p>Leia tamb\u00e9m: <a href=\"https:\/\/caras.com.br\/beleza\/magerrima-bella-campos-renova-o-bronzeado-com-look-cavado-na-praia.phtml\" rel=\"nofollow noopener\" target=\"_blank\">Mag\u00e9rrima, Bella Campos renova o bronzeado com look cavado na praia<\/a><\/p>\n<p>        <a href=\"https:\/\/caras.com.br\/autor\/izabella-nicolau\" rel=\"nofollow noopener\" target=\"_blank\">&#13;<br \/>\n          <img loading=\"lazy\" decoding=\"async\" alt=\"Izabella Nicolau\" src=\"https:\/\/www.europesays.com\/pt\/wp-content\/uploads\/2025\/10\/whatsapp_image_2025-08-12_at_15.10.50_1_sqmd.jpeg\" class=\"avatar avatar-115 photo rounded-circle\" height=\"115\" width=\"115\"\/>        <\/a><\/p>\n<p><strong>Izabella Nicolau<\/strong> \u00e9 rep\u00f3rter de conte\u00fado do site CARAS. Formada em jornalismo, j\u00e1 passou por sites como Observat\u00f3rio do Cinema e Ultraverso. Escreve sobre cultura, entretenimento e celebridades.<\/p>\n<p>\t                                            <script async src=\"\/\/www.instagram.com\/embed.js\"><\/script><\/p>\n","protected":false},"excerpt":{"rendered":"Bella Campos surpreendeu os seguidores nesta ter\u00e7a-feira, 21, ao mostrar o resultado da mudan\u00e7a de visual ap\u00f3s se&hellip;\n","protected":false},"author":2,"featured_media":121240,"comment_status":"","ping_status":"","sticky":false,"template":"","format":"standard","meta":{"footnotes":""},"categories":[145],"tags":[2813,211,210,114,115,32,33],"class_list":{"0":"post-121239","1":"post","2":"type-post","3":"status-publish","4":"format-standard","5":"has-post-thumbnail","7":"category-celebridades","8":"tag-bella-campos","9":"tag-celebridades","10":"tag-celebrities","11":"tag-entertainment","12":"tag-entretenimento","13":"tag-portugal","14":"tag-pt"},"share_on_mastodon":{"url":"https:\/\/pubeurope.com\/@pt\/115415156363925934","error":""},"_links":{"self":[{"href":"https:\/\/www.europesays.com\/pt\/wp-json\/wp\/v2\/posts\/121239","targetHints":{"allow":["GET"]}}],"collection":[{"href":"https:\/\/www.europesays.com\/pt\/wp-json\/wp\/v2\/posts"}],"about":[{"href":"https:\/\/www.europesays.com\/pt\/wp-json\/wp\/v2\/types\/post"}],"author":[{"embeddable":true,"href":"https:\/\/www.europesays.com\/pt\/wp-json\/wp\/v2\/users\/2"}],"replies":[{"embeddable":true,"href":"https:\/\/www.europesays.com\/pt\/wp-json\/wp\/v2\/comments?post=121239"}],"version-history":[{"count":0,"href":"https:\/\/www.europesays.com\/pt\/wp-json\/wp\/v2\/posts\/121239\/revisions"}],"wp:featuredmedia":[{"embeddable":true,"href":"https:\/\/www.europesays.com\/pt\/wp-json\/wp\/v2\/media\/121240"}],"wp:attachment":[{"href":"https:\/\/www.europesays.com\/pt\/wp-json\/wp\/v2\/media?parent=121239"}],"wp:term":[{"taxonomy":"category","embeddable":true,"href":"https:\/\/www.europesays.com\/pt\/wp-json\/wp\/v2\/categories?post=121239"},{"taxonomy":"post_tag","embeddable":true,"href":"https:\/\/www.europesays.com\/pt\/wp-json\/wp\/v2\/tags?post=121239"}],"curies":[{"name":"wp","href":"https:\/\/api.w.org\/{rel}","templated":true}]}}