{"id":121243,"date":"2025-10-22T01:15:24","date_gmt":"2025-10-22T01:15:24","guid":{"rendered":"https:\/\/www.europesays.com\/pt\/121243\/"},"modified":"2025-10-22T01:15:24","modified_gmt":"2025-10-22T01:15:24","slug":"i-play-rocky-anthony-ippolito-e-sylvester-stallone-em-primeira-imagem-confira","status":"publish","type":"post","link":"https:\/\/www.europesays.com\/pt\/121243\/","title":{"rendered":"&#8216;I Play Rocky&#8217;: Anthony Ippolito \u00e9 Sylvester Stallone em primeira imagem; Confira!"},"content":{"rendered":"<p>A <strong>Amazon MGM Studios<\/strong> divulgou recentemente a primeira imagem oficial de<strong> <a href=\"https:\/\/cinepop.com.br\/tag\/anthony-ippolito\/\" title=\"Anthony Ippolito\" rel=\"nofollow noopener\" target=\"_blank\">Anthony Ippolito<\/a><\/strong> como <strong><a href=\"https:\/\/cinepop.com.br\/tag\/sylvester-stallone\/\" title=\"Sylvester Stallone\" rel=\"nofollow noopener\" target=\"_blank\">Sylvester Stallone<\/a><\/strong> na cinebiografia <strong>\u2018<a href=\"https:\/\/cinepop.com.br\/tag\/i-play-rocky\/\" title=\"I Play Rocky\" rel=\"nofollow noopener\" target=\"_blank\">I Play Rocky<\/a>\u2019<\/strong>.<\/p>\n<blockquote class=\"twitter-tweet\">\n<p dir=\"ltr\" lang=\"en\">Production is underway for <a href=\"https:\/\/cinepop.com.br\/tag\/i-play-rocky\/\" title=\"I PLAY ROCKY\" rel=\"nofollow noopener\" target=\"_blank\">I PLAY ROCKY<\/a>, starring <a href=\"https:\/\/cinepop.com.br\/tag\/anthony-ippolito\/\" title=\"Anthony Ippolito\" rel=\"nofollow noopener\" target=\"_blank\">Anthony Ippolito<\/a>. The film tells the true story of <a href=\"https:\/\/cinepop.com.br\/tag\/sylvester-stallone\/\" title=\"Sylvester Stallone\" rel=\"nofollow noopener\" target=\"_blank\">Sylvester Stallone<\/a> and his unshakable belief that he wasn\u2019t just meant to write <a href=\"https:\/\/cinepop.com.br\/tag\/rocky\/\" title=\"Rocky\" rel=\"nofollow noopener\" target=\"_blank\">Rocky<\/a>, he was meant to be <a href=\"https:\/\/cinepop.com.br\/tag\/rocky\/\" title=\"Rocky\" rel=\"nofollow noopener\" target=\"_blank\">Rocky<\/a> Balboa. <a href=\"https:\/\/t.co\/hDY0I1jlGS\" rel=\"nofollow\">pic.twitter.com\/hDY0I1jlGS<\/a><\/p>\n<p>\u2014 Amazon MGM Studios (@AmazonMGMStudio) <a href=\"https:\/\/twitter.com\/AmazonMGMStudio\/status\/1980317698555810269?ref_src=twsrc%5Etfw\" rel=\"nofollow noopener\" target=\"_blank\">October 20, 2025<\/a><\/p>\n<\/blockquote>\n<p>As informa\u00e7\u00f5es indicam que\u00a0<strong><a href=\"https:\/\/cinepop.com.br\/tag\/pj-byrne\/\" title=\"PJ Byrne\" rel=\"nofollow noopener\" target=\"_blank\">PJ Byrne<\/a><\/strong> (\u2018Green Book\u2019),\u00a0<strong><a href=\"https:\/\/cinepop.com.br\/tag\/toby-kebbell\/\" title=\"Toby Kebbell\" rel=\"nofollow noopener\" target=\"_blank\">Toby Kebbell<\/a><\/strong> (\u2018For All Mankind\u2019),\u00a0<strong><a href=\"https:\/\/cinepop.com.br\/tag\/tracy-letts\/\" title=\"Tracy Letts\" rel=\"nofollow noopener\" target=\"_blank\">Tracy Letts<\/a><\/strong> (\u2018Lady Bird\u2019) e\u00a0<strong><a href=\"https:\/\/cinepop.com.br\/tag\/jay-duplass\/\" title=\"Jay Duplass\" rel=\"nofollow noopener\" target=\"_blank\">Jay Duplass<\/a><\/strong> (\u2018Industry\u2019) foram contratados para o projeto.<\/p>\n<p>Byrne interpretar\u00e1 o produtor de <a href=\"https:\/\/cinepop.com.br\/tag\/rocky\/\" title=\"Rocky\" rel=\"nofollow noopener\" target=\"_blank\">Rocky<\/a>, <strong>Irwin Winkler<\/strong>; Kebbell interpretar\u00e1 o produtor <strong>Robert Chartoff<\/strong>; Letts interpretar\u00e1 <strong>Sandy Maddox<\/strong>, membro de um grupo de executivos de est\u00fadios de Hollywood; e Duplass interpretar\u00e1 o diretor <strong>John Avildsen<\/strong>.<\/p>\n<p>O quarteto se junta ao previamente anunciado <strong><a href=\"https:\/\/cinepop.com.br\/tag\/matt-dillon\/\" title=\"Matt Dillon\" rel=\"nofollow noopener\" target=\"_blank\">Matt Dillon<\/a><\/strong>, que interpretar\u00e1 <strong>Frank Stallone Sr.<\/strong>, o pai de <strong><a href=\"https:\/\/cinepop.com.br\/tag\/sylvester-stallone\/\" title=\"Sylvester Stallone\" rel=\"nofollow noopener\" target=\"_blank\">Sylvester Stallone<\/a>.<\/strong><\/p>\n<p><strong>Frank Stallone Sr.<\/strong> era um imigrante italiano que chegou aos Estados Unidos ainda adolescente. Sua vida profissional incluiu trabalhar como cabeleireiro e, ao longo dos anos, abrir uma s\u00e9rie de barbearias, sal\u00f5es de beleza e escolas de est\u00e9tica na Costa Leste.<\/p>\n<p><strong>Frank Sr.<\/strong> era trabalhador e carism\u00e1tico, mas tamb\u00e9m era f\u00edsica e emocionalmente abusivo com seu filho.<\/p>\n<p>Em um document\u00e1rio, <strong><a href=\"https:\/\/cinepop.com.br\/tag\/sylvester-stallone\/\" title=\"Sylvester Stallone\" rel=\"nofollow noopener\" target=\"_blank\">Sylvester Stallone<\/a><\/strong> chegou a relembrar: \u201cMeu pai era o Rambo da vida real. Nada era resolvido com palavras\u201d.<\/p>\n<p><a href=\"https:\/\/cinepop.com.br\/exclusivo-atriz-de-rocky-o-musical-conta-como-foi-viver-adrian-na-adaptacao-teatral-654096\/\" rel=\"nofollow noopener\" target=\"_blank\">EXCLUSIVO: Atriz de \u2018Rocky: O Musical\u2019 conta como foi viver Adrian na adapta\u00e7\u00e3o teatral<\/a><\/p>\n<p>Al\u00e9m de<strong> <a href=\"https:\/\/cinepop.com.br\/tag\/matt-dillon\/\" title=\"Matt Dillon\" rel=\"nofollow noopener\" target=\"_blank\">Matt Dillon<\/a><\/strong>, outros atores importantes j\u00e1 foram escalados para o longa:<\/p>\n<p>O longa ser\u00e1 lan\u00e7ado nos cinemas e conta com <strong><a href=\"https:\/\/cinepop.com.br\/tag\/toby-emmerich\/\" title=\"Toby Emmerich\" rel=\"nofollow noopener\" target=\"_blank\">Toby Emmerich<\/a><\/strong> e <strong><a href=\"https:\/\/cinepop.com.br\/tag\/christian-baha\/\" title=\"Christian Baha\" rel=\"nofollow noopener\" target=\"_blank\">Christian Baha<\/a><\/strong> na produ\u00e7\u00e3o. O roteiro \u00e9 assinado por <strong><a href=\"https:\/\/cinepop.com.br\/tag\/peter-gamble\/\" title=\"Peter Gamble\" rel=\"nofollow noopener\" target=\"_blank\">Peter Gamble<\/a><\/strong>.<\/p>\n<p>\u201cA trama acompanha a jornada de Stallone antes da fama, quando ele ainda lutava para se firmar em Hollywood. Convicto de que havia nascido n\u00e3o apenas para escrever <a href=\"https:\/\/cinepop.com.br\/tag\/rocky\/\" title=\"Rocky\" rel=\"nofollow noopener\" target=\"_blank\">Rocky<\/a>, mas para viver o personagem <a href=\"https:\/\/cinepop.com.br\/tag\/rocky\/\" title=\"Rocky\" rel=\"nofollow noopener\" target=\"_blank\">Rocky<\/a> Balboa nas telas, Stallone enfrentou in\u00fameras recusas e obst\u00e1culos. Apostando tudo em si mesmo, ele se manteve firme em sua decis\u00e3o de estrelar o filme, desafiando todas as probabilidades. O resultado foi a cria\u00e7\u00e3o da maior hist\u00f3ria de azar\u00e3o dentro e fora das telas\u201d, diz a sinopse.<\/p>\n<p>Criada por <strong>Stallone<\/strong>, a franquia<strong> \u2018<a href=\"https:\/\/cinepop.com.br\/tag\/rocky\/\" title=\"Rocky\" rel=\"nofollow noopener\" target=\"_blank\">Rocky<\/a>\u2019<\/strong> se tornou um fen\u00f4meno cultural, com seis filmes principais e o sucesso dos spin-offs da saga<strong> \u2018<a href=\"https:\/\/cinepop.com.br\/tag\/creed\/\" title=\"Creed\" rel=\"nofollow noopener\" target=\"_blank\">Creed<\/a>\u2019<\/strong>, consolidando seu legado como uma das s\u00e9ries mais emblem\u00e1ticas do cinema esportivo.<\/p>\n<p><a href=\"https:\/\/cinepop.com.br\/rambo-sylvester-stallone-revela-ideia-ousada-com-ia-para-filme-de-origem-693851\/\" rel=\"nofollow noopener\" target=\"_blank\">\u2018Rambo\u2019: Sylvester Stallone revela ideia ousada com IA para filme de origem<\/a><\/p>\n<p><img fetchpriority=\"high\" decoding=\"async\" src=\"https:\/\/www.europesays.com\/pt\/wp-content\/uploads\/2025\/10\/RockyBalboa_FinalFight-1024x576.jpg\" alt=\"\" width=\"696\" height=\"392\"  \/><\/p>\n<p>&#8211; Advertisement &#8211;<\/p>\n<p><script async src=\"https:\/\/platform.twitter.com\/widgets.js\" charset=\"utf-8\"><\/script><\/p>\n","protected":false},"excerpt":{"rendered":"A Amazon MGM Studios divulgou recentemente a primeira imagem oficial de Anthony Ippolito como Sylvester Stallone na cinebiografia&hellip;\n","protected":false},"author":2,"featured_media":121244,"comment_status":"","ping_status":"","sticky":false,"template":"","format":"standard","meta":{"footnotes":""},"categories":[140],"tags":[28040,15134,28041,28042,28043,114,115,147,148,28044,28045,28046,146,28047,28048,28049,32,33,28050,28051,28052,5266,13547,25630,17111],"class_list":{"0":"post-121243","1":"post","2":"type-post","3":"status-publish","4":"format-standard","5":"has-post-thumbnail","7":"category-filmes","8":"tag-anthony-ippolito","9":"tag-carl-weathers","10":"tag-christian-baha","11":"tag-crash-no-limite","12":"tag-creed","13":"tag-entertainment","14":"tag-entretenimento","15":"tag-film","16":"tag-filmes","17":"tag-i-play-rocky","18":"tag-jay-duplass","19":"tag-matt-dillon","20":"tag-movies","21":"tag-peter-farrelly","22":"tag-peter-gamble","23":"tag-pj-byrne","24":"tag-portugal","25":"tag-pt","26":"tag-rocky","27":"tag-se-a-rua-beale-falasse","28":"tag-stephan-james","29":"tag-sylvester-stallone","30":"tag-toby-emmerich","31":"tag-toby-kebbell","32":"tag-tracy-letts"},"share_on_mastodon":{"url":"https:\/\/pubeurope.com\/@pt\/115415175990135267","error":""},"_links":{"self":[{"href":"https:\/\/www.europesays.com\/pt\/wp-json\/wp\/v2\/posts\/121243","targetHints":{"allow":["GET"]}}],"collection":[{"href":"https:\/\/www.europesays.com\/pt\/wp-json\/wp\/v2\/posts"}],"about":[{"href":"https:\/\/www.europesays.com\/pt\/wp-json\/wp\/v2\/types\/post"}],"author":[{"embeddable":true,"href":"https:\/\/www.europesays.com\/pt\/wp-json\/wp\/v2\/users\/2"}],"replies":[{"embeddable":true,"href":"https:\/\/www.europesays.com\/pt\/wp-json\/wp\/v2\/comments?post=121243"}],"version-history":[{"count":0,"href":"https:\/\/www.europesays.com\/pt\/wp-json\/wp\/v2\/posts\/121243\/revisions"}],"wp:featuredmedia":[{"embeddable":true,"href":"https:\/\/www.europesays.com\/pt\/wp-json\/wp\/v2\/media\/121244"}],"wp:attachment":[{"href":"https:\/\/www.europesays.com\/pt\/wp-json\/wp\/v2\/media?parent=121243"}],"wp:term":[{"taxonomy":"category","embeddable":true,"href":"https:\/\/www.europesays.com\/pt\/wp-json\/wp\/v2\/categories?post=121243"},{"taxonomy":"post_tag","embeddable":true,"href":"https:\/\/www.europesays.com\/pt\/wp-json\/wp\/v2\/tags?post=121243"}],"curies":[{"name":"wp","href":"https:\/\/api.w.org\/{rel}","templated":true}]}}