{"id":121253,"date":"2025-10-22T01:30:13","date_gmt":"2025-10-22T01:30:13","guid":{"rendered":"https:\/\/www.europesays.com\/pt\/121253\/"},"modified":"2025-10-22T01:30:13","modified_gmt":"2025-10-22T01:30:13","slug":"portugueses-goleadores-em-noite-louca-de-champions","status":"publish","type":"post","link":"https:\/\/www.europesays.com\/pt\/121253\/","title":{"rendered":"Portugueses goleadores em noite louca de Champions"},"content":{"rendered":"<p>Com Nuno Mendes e Vitinha em grande (um golo e uma assist\u00eancia cada uma), o Paris Saint-Germain foi a Leverkusen somar a terceira vit\u00f3ria e dar mais um passo rumo ao expect\u00e1vel apuramento para os oitavos de final. A goleada (2-7) n\u00e3o contou com Gon\u00e7alo Ramos, que n\u00e3o saiu do banco num jogo que se disputou dez contra dez a partir dos 35 minutos, devido \u00e0s expuls\u00f5es de Andrich e Zabarnyi.<\/p>\n<p data-remotead-prev-elm=\"true\" data-remotead-elm-id=\"inread\">Tamb\u00e9m o Barcelona passeou nesta terceira jornada, ao golear o Olympiacos (6-1), que contou com cinco portugueses (Costinha, Chiquinho, Gelson Martins, Podence e Diogo Nascimento).<\/p>\n<p>Mais ou menos tranquilas foram tamb\u00e9m as vit\u00f3rias do Manchester City e do Inter de Mil\u00e3o. Os &#8220;cityzens&#8221; derrotaram o Villarreal (0-2), com Bernardo Silva a assinar o segundo golo &#8211; R\u00faben Dias e Matheus Nunes tamb\u00e9m foram titulares -, enquanto os &#8220;nerazzurri&#8221; despacharam o Union St. Gilloise com quatro golos sem resposta. Outro portugu\u00eas em destaque foi F\u00e1bio Silva, que fechou a vit\u00f3ria do Dortmund em Copenhaga (1-4).<\/p>\n<p data-remotead-prev-elm=\"true\" data-remotead-elm-id=\"centro1\">J\u00e1 o Arsenal vergou o Atl\u00e9tico de Madrid (4-0), com Gyokeres a bisar. Por outro lado, o PSV protagonizou o resultado mais surpreendente da noite, ao imp\u00f4r-se na rece\u00e7\u00e3o ao N\u00e1poles tamb\u00e9m por n\u00fameros gordos (6-2), mesmo depois de ter ficado em desvantagem logo nos primeiros minutos. Kairat Almaty e Pafos n\u00e3o sa\u00edram do nulo.<\/p>\n","protected":false},"excerpt":{"rendered":"Com Nuno Mendes e Vitinha em grande (um golo e uma assist\u00eancia cada uma), o Paris Saint-Germain foi&hellip;\n","protected":false},"author":2,"featured_media":121254,"comment_status":"","ping_status":"","sticky":false,"template":"","format":"standard","meta":{"footnotes":""},"categories":[87],"tags":[135,524,1003,32,33,134],"class_list":{"0":"post-121253","1":"post","2":"type-post","3":"status-publish","4":"format-standard","5":"has-post-thumbnail","7":"category-desporto","8":"tag-desporto","9":"tag-futebol","10":"tag-liga-dos-campeoes","11":"tag-portugal","12":"tag-pt","13":"tag-sports"},"share_on_mastodon":{"url":"https:\/\/pubeurope.com\/@pt\/115415234974373953","error":""},"_links":{"self":[{"href":"https:\/\/www.europesays.com\/pt\/wp-json\/wp\/v2\/posts\/121253","targetHints":{"allow":["GET"]}}],"collection":[{"href":"https:\/\/www.europesays.com\/pt\/wp-json\/wp\/v2\/posts"}],"about":[{"href":"https:\/\/www.europesays.com\/pt\/wp-json\/wp\/v2\/types\/post"}],"author":[{"embeddable":true,"href":"https:\/\/www.europesays.com\/pt\/wp-json\/wp\/v2\/users\/2"}],"replies":[{"embeddable":true,"href":"https:\/\/www.europesays.com\/pt\/wp-json\/wp\/v2\/comments?post=121253"}],"version-history":[{"count":0,"href":"https:\/\/www.europesays.com\/pt\/wp-json\/wp\/v2\/posts\/121253\/revisions"}],"wp:featuredmedia":[{"embeddable":true,"href":"https:\/\/www.europesays.com\/pt\/wp-json\/wp\/v2\/media\/121254"}],"wp:attachment":[{"href":"https:\/\/www.europesays.com\/pt\/wp-json\/wp\/v2\/media?parent=121253"}],"wp:term":[{"taxonomy":"category","embeddable":true,"href":"https:\/\/www.europesays.com\/pt\/wp-json\/wp\/v2\/categories?post=121253"},{"taxonomy":"post_tag","embeddable":true,"href":"https:\/\/www.europesays.com\/pt\/wp-json\/wp\/v2\/tags?post=121253"}],"curies":[{"name":"wp","href":"https:\/\/api.w.org\/{rel}","templated":true}]}}