{"id":121255,"date":"2025-10-22T01:31:12","date_gmt":"2025-10-22T01:31:12","guid":{"rendered":"https:\/\/www.europesays.com\/pt\/121255\/"},"modified":"2025-10-22T01:31:12","modified_gmt":"2025-10-22T01:31:12","slug":"crescem-os-casos-de-resistencia-a-antibioticos-conheca-os-riscos","status":"publish","type":"post","link":"https:\/\/www.europesays.com\/pt\/121255\/","title":{"rendered":"Crescem os casos de resist\u00eancia a antibi\u00f3ticos; conhe\u00e7a os riscos"},"content":{"rendered":"\n<p>Na \u00faltima semana, a<strong> Organiza\u00e7\u00e3o Mundial da Sa\u00fade (OMS)<\/strong> emitiu um alerta sobre o aumento da resist\u00eancia a antibi\u00f3ticos. De acordo com um novo relat\u00f3rio, que analisou o cen\u00e1rio mundial entre 2018 e 2023, uma em cada seis <a href=\"https:\/\/www.bonsfluidos.com.br\/no-prato\/descubra-qual-cha-trata-inflamacoes-e-infeccoes-do-corpo.phtml\" rel=\"nofollow noopener\" target=\"_blank\">infec\u00e7\u00f5es<\/a> bacterianas n\u00e3o apresentou resposta aos tratamentos.<\/p>\n<p>\t Cresce a resist\u00eancia a antibi\u00f3ticos <\/p>\n<p>O documento da OMS mostrou ainda que, durante esse per\u00edodo, a toler\u00e2ncia aos medicamentos monitorados aumentou mais de 40%, com um crescimento m\u00e9dio anual entre 5% e 15%. Segundo a organiza\u00e7\u00e3o, os maiores n\u00edveis de resist\u00eancia foram observados em partes do sul da <strong>\u00c1sia<\/strong> e do <strong>Oriente M\u00e9dio. <\/strong>Nessas regi\u00f5es<strong>, <\/strong>uma em cada tr\u00eas infec\u00e7\u00f5es notificadas se mostrou imune \u00e0s <a href=\"https:\/\/www.bonsfluidos.com.br\/saude\/remedio-inedito-contra-o-cancer-de-mama-sera-distribuido-no-sus.phtml\" rel=\"nofollow noopener\" target=\"_blank\">interven\u00e7\u00f5es<\/a>.<\/p>\n<p>Al\u00e9m disso, os dados do continente africano tamb\u00e9m geraram preocupa\u00e7\u00e3o, pois na \u00e1rea uma em cada cinco <a href=\"https:\/\/www.bonsfluidos.com.br\/saude\/atualizacao-da-lista-de-bacterias-da-oms-e-a-resistencia-antimicrobiana.phtml\" rel=\"nofollow noopener\" target=\"_blank\">bact\u00e9rias<\/a> conseguiu resistir. \u201cA resist\u00eancia aos antimicrobianos avan\u00e7a mais rapidamente do que os progressos da medicina moderna, representando uma amea\u00e7a \u00e0 sa\u00fade das fam\u00edlias em todo o mundo\u201d, declarou <strong>Tedros Adhanom Ghebreyesus<\/strong>, diretor-geral da <strong>OMS, <\/strong>em comunicado.<\/p>\n<p>Especialistas da organiza\u00e7\u00e3o, no entanto, alertam que o fen\u00f4meno \u00e9 mais frequente em locais onde os sistemas de <a href=\"https:\/\/www.bonsfluidos.com.br\/bem-estar\/saude-nao-e-so-ausencia-de-doenca-o-que-voce-pode-fazer-hoje-para-viver-melhor-amanha.phtml\" rel=\"nofollow noopener\" target=\"_blank\">sa\u00fade<\/a> t\u00eam capacidade limitada para diagnosticar ou tratar pat\u00f3genos bacterianos. Isso resulta no aumento da toler\u00e2ncia aos tratamentos e, consequentemente, em complica\u00e7\u00f5es como sepse, fal\u00eancia de \u00f3rg\u00e3os ou at\u00e9 \u00f3bitos.<\/p>\n<p> Motivos e riscos <\/p>\n<p>A OMS estima que a resist\u00eancia a antibi\u00f3ticos cause mais de 1 milh\u00e3o de mortes por ano. Esse risco, conforme aponta a ag\u00eancia de sa\u00fade, cresce devido a mudan\u00e7as gen\u00e9ticas, que fazem parte do processo natural. Ademais, a h\u00e1bitos nocivos, como o uso indevido e excessivo dos f\u00e1rmacos, tamb\u00e9m influenciam esse processo. A utiliza\u00e7\u00e3o sem prescri\u00e7\u00e3o m\u00e9dica, ent\u00e3o, fortalece as bact\u00e9rias, reduzindo a efic\u00e1cia do <a href=\"https:\/\/www.bonsfluidos.com.br\/saude\/medicamento-inovador-para-o-tratamento-do-cancer-de-mama-chega-no-sus.phtml\" rel=\"nofollow noopener\" target=\"_blank\">medicamento<\/a>.<\/p>\n<p>A resist\u00eancia, portanto, eleva os custos de tratamento, prolonga a perman\u00eancia de pacientes em hospitais e contribui para o aumento da mortalidade. \u201cDevemos usar os antibi\u00f3ticos de forma respons\u00e1vel e assegurar que todas as pessoas tenham acesso a medicamentos, <a href=\"https:\/\/www.bonsfluidos.com.br\/saude\/diagnosticos-de-doencas-autoimunes-aumentaram-nos-ultimos-anos-entenda.phtml\" rel=\"nofollow noopener\" target=\"_blank\">diagn\u00f3sticos<\/a> e vacinas de qualidade garantida. Nosso futuro tamb\u00e9m depende do fortalecimento dos sistemas de sa\u00fade para prevenir, diagnosticar e tratar infec\u00e7\u00f5es. Ainda s\u00e3o necess\u00e1rias a inova\u00e7\u00e3o em antibi\u00f3ticos de nova gera\u00e7\u00e3o e a implementa\u00e7\u00e3o de testes moleculares r\u00e1pidos nos locais de atendimento\u201d, destacou Ghebreyesus.<\/p>\n","protected":false},"excerpt":{"rendered":"Na \u00faltima semana, a Organiza\u00e7\u00e3o Mundial da Sa\u00fade (OMS) emitiu um alerta sobre o aumento da resist\u00eancia a&hellip;\n","protected":false},"author":2,"featured_media":121256,"comment_status":"","ping_status":"","sticky":false,"template":"","format":"standard","meta":{"footnotes":""},"categories":[86],"tags":[10045,787,18663,28065,116,3083,3912,28066,32,33,2418,19643,6806,117,16946],"class_list":{"0":"post-121255","1":"post","2":"type-post","3":"status-publish","4":"format-standard","5":"has-post-thumbnail","7":"category-saude","8":"tag-antibioticos","9":"tag-causas","10":"tag-complicacoes","11":"tag-farmacos","12":"tag-health","13":"tag-medicamentos","14":"tag-mortes","15":"tag-motivos","16":"tag-portugal","17":"tag-pt","18":"tag-remedios","19":"tag-resistencia","20":"tag-riscos","21":"tag-saude","22":"tag-tratamentos"},"share_on_mastodon":{"url":"https:\/\/pubeurope.com\/@pt\/115415238790932994","error":""},"_links":{"self":[{"href":"https:\/\/www.europesays.com\/pt\/wp-json\/wp\/v2\/posts\/121255","targetHints":{"allow":["GET"]}}],"collection":[{"href":"https:\/\/www.europesays.com\/pt\/wp-json\/wp\/v2\/posts"}],"about":[{"href":"https:\/\/www.europesays.com\/pt\/wp-json\/wp\/v2\/types\/post"}],"author":[{"embeddable":true,"href":"https:\/\/www.europesays.com\/pt\/wp-json\/wp\/v2\/users\/2"}],"replies":[{"embeddable":true,"href":"https:\/\/www.europesays.com\/pt\/wp-json\/wp\/v2\/comments?post=121255"}],"version-history":[{"count":0,"href":"https:\/\/www.europesays.com\/pt\/wp-json\/wp\/v2\/posts\/121255\/revisions"}],"wp:featuredmedia":[{"embeddable":true,"href":"https:\/\/www.europesays.com\/pt\/wp-json\/wp\/v2\/media\/121256"}],"wp:attachment":[{"href":"https:\/\/www.europesays.com\/pt\/wp-json\/wp\/v2\/media?parent=121255"}],"wp:term":[{"taxonomy":"category","embeddable":true,"href":"https:\/\/www.europesays.com\/pt\/wp-json\/wp\/v2\/categories?post=121255"},{"taxonomy":"post_tag","embeddable":true,"href":"https:\/\/www.europesays.com\/pt\/wp-json\/wp\/v2\/tags?post=121255"}],"curies":[{"name":"wp","href":"https:\/\/api.w.org\/{rel}","templated":true}]}}