{"id":121259,"date":"2025-10-22T01:41:14","date_gmt":"2025-10-22T01:41:14","guid":{"rendered":"https:\/\/www.europesays.com\/pt\/121259\/"},"modified":"2025-10-22T01:41:14","modified_gmt":"2025-10-22T01:41:14","slug":"expulsao-de-vera-gera-nova-polemica-discussao-entre-liliana-e-dylan-envolve-toda-a-casa-secret-story","status":"publish","type":"post","link":"https:\/\/www.europesays.com\/pt\/121259\/","title":{"rendered":"Expuls\u00e3o de Vera gera nova pol\u00e9mica: discuss\u00e3o entre Liliana e Dylan envolve toda a casa &#8211; Secret Story"},"content":{"rendered":"<p data-end=\"492\" data-start=\"0\">A expuls\u00e3o de Vera continua a gerar debate dentro da casa. Liliana voltou a sublinhar que n\u00e3o julga a ex-concorrente, mas recordou que Dylan foi avisado v\u00e1rias vezes para n\u00e3o mencionar as filhas de Vera. O concorrente defendeu-se, alegando que foi a pr\u00f3pria Vera quem abordou o tema pela primeira vez. As justifica\u00e7\u00f5es n\u00e3o acalmaram os \u00e2nimos e a discuss\u00e3o rapidamente se alargou ao grupo, com v\u00e1rios participantes a manifestarem opini\u00f5es sobre o assunto.<\/p>\n<p data-end=\"636\" data-start=\"494\">\u00a0<\/p>\n","protected":false},"excerpt":{"rendered":"A expuls\u00e3o de Vera continua a gerar debate dentro da casa. Liliana voltou a sublinhar que n\u00e3o julga&hellip;\n","protected":false},"author":2,"featured_media":121260,"comment_status":"","ping_status":"","sticky":false,"template":"","format":"standard","meta":{"footnotes":""},"categories":[142],"tags":[114,115,19033,19016,19034,32,33,151,19032],"class_list":{"0":"post-121259","1":"post","2":"type-post","3":"status-publish","4":"format-standard","5":"has-post-thumbnail","7":"category-tv","8":"tag-entertainment","9":"tag-entretenimento","10":"tag-galas-em-video","11":"tag-liliana","12":"tag-melhores-momentos-casa-dos-segredos","13":"tag-portugal","14":"tag-pt","15":"tag-tv","16":"tag-videos-secret-story-tvi"},"share_on_mastodon":{"url":"https:\/\/pubeurope.com\/@pt\/115415278088439321","error":""},"_links":{"self":[{"href":"https:\/\/www.europesays.com\/pt\/wp-json\/wp\/v2\/posts\/121259","targetHints":{"allow":["GET"]}}],"collection":[{"href":"https:\/\/www.europesays.com\/pt\/wp-json\/wp\/v2\/posts"}],"about":[{"href":"https:\/\/www.europesays.com\/pt\/wp-json\/wp\/v2\/types\/post"}],"author":[{"embeddable":true,"href":"https:\/\/www.europesays.com\/pt\/wp-json\/wp\/v2\/users\/2"}],"replies":[{"embeddable":true,"href":"https:\/\/www.europesays.com\/pt\/wp-json\/wp\/v2\/comments?post=121259"}],"version-history":[{"count":0,"href":"https:\/\/www.europesays.com\/pt\/wp-json\/wp\/v2\/posts\/121259\/revisions"}],"wp:featuredmedia":[{"embeddable":true,"href":"https:\/\/www.europesays.com\/pt\/wp-json\/wp\/v2\/media\/121260"}],"wp:attachment":[{"href":"https:\/\/www.europesays.com\/pt\/wp-json\/wp\/v2\/media?parent=121259"}],"wp:term":[{"taxonomy":"category","embeddable":true,"href":"https:\/\/www.europesays.com\/pt\/wp-json\/wp\/v2\/categories?post=121259"},{"taxonomy":"post_tag","embeddable":true,"href":"https:\/\/www.europesays.com\/pt\/wp-json\/wp\/v2\/tags?post=121259"}],"curies":[{"name":"wp","href":"https:\/\/api.w.org\/{rel}","templated":true}]}}