{"id":121264,"date":"2025-10-22T01:52:08","date_gmt":"2025-10-22T01:52:08","guid":{"rendered":"https:\/\/www.europesays.com\/pt\/121264\/"},"modified":"2025-10-22T01:52:08","modified_gmt":"2025-10-22T01:52:08","slug":"francisco-pinto-balsemao-morreu-aos-88-anos","status":"publish","type":"post","link":"https:\/\/www.europesays.com\/pt\/121264\/","title":{"rendered":"Francisco Pinto Balsem\u00e3o &#8211; Morreu aos 88 anos"},"content":{"rendered":"<p><strong>Francisco Pinto Balsem\u00e3o <\/strong>morreu\u00a0esta ter\u00e7a-feira aos <strong>88 anos. <\/strong>Ex-primeiro-ministro e fundador de importantes meios\u00a0de\u00a0comunica\u00e7\u00e3o em Portugal, como a SIC e o Expresso, Balsem\u00e3o era uma personalidade influente tanto no campo pol\u00edtico como medi\u00e1tico.<\/p>\n<p>Francisco Pinto Balsem\u00e3o sucedeu-se\u00a0a Francisco S\u00e1 Carneiro no cargo de primeiro-ministro ap\u00f3s o tr\u00e1gico acidente de Camarate, que vitimou o ent\u00e3o chefe do governo, em 1980. O ex-l\u00edder do Partido Social Democrata (PSD) governou o pa\u00eds entre 1981 e 1983.<\/p>\n<p>Texto: Tiago Miguel Sim\u00f5es; Fotos: Impala<\/p>\n<p class=\"intagram-text\">Siga a Nova Gente no Instagram<\/p>\n<p>                        <a href=\"https:\/\/www.instagram.com\/revistanovagente\/\" target=\"_blank\" aria-label=\"instagram\" rel=\"noopener nofollow\"><img decoding=\"async\" style=\"display: block; margin-left: auto; margin-right: auto; width: 250px; height: 83px;\" src=\"https:\/\/www.europesays.com\/pt\/wp-content\/uploads\/2025\/10\/Instagram_NG.png\" alt=\"instagram\"\/><\/a><br \/>\n                    <script async src=\"\/\/www.instagram.com\/embed.js\"><\/script><\/p>\n","protected":false},"excerpt":{"rendered":"Francisco Pinto Balsem\u00e3o morreu\u00a0esta ter\u00e7a-feira aos 88 anos. Ex-primeiro-ministro e fundador de importantes meios\u00a0de\u00a0comunica\u00e7\u00e3o em Portugal, como a&hellip;\n","protected":false},"author":2,"featured_media":121265,"comment_status":"","ping_status":"","sticky":false,"template":"","format":"standard","meta":{"footnotes":""},"categories":[145],"tags":[211,210,114,115,28067,7804,1437,32,33,1751],"class_list":{"0":"post-121264","1":"post","2":"type-post","3":"status-publish","4":"format-standard","5":"has-post-thumbnail","7":"category-celebridades","8":"tag-celebridades","9":"tag-celebrities","10":"tag-entertainment","11":"tag-entretenimento","12":"tag-francisco-pinto-balsemao","13":"tag-morreu","14":"tag-morte","15":"tag-portugal","16":"tag-pt","17":"tag-sic"},"share_on_mastodon":{"url":"https:\/\/pubeurope.com\/@pt\/115415321479215368","error":""},"_links":{"self":[{"href":"https:\/\/www.europesays.com\/pt\/wp-json\/wp\/v2\/posts\/121264","targetHints":{"allow":["GET"]}}],"collection":[{"href":"https:\/\/www.europesays.com\/pt\/wp-json\/wp\/v2\/posts"}],"about":[{"href":"https:\/\/www.europesays.com\/pt\/wp-json\/wp\/v2\/types\/post"}],"author":[{"embeddable":true,"href":"https:\/\/www.europesays.com\/pt\/wp-json\/wp\/v2\/users\/2"}],"replies":[{"embeddable":true,"href":"https:\/\/www.europesays.com\/pt\/wp-json\/wp\/v2\/comments?post=121264"}],"version-history":[{"count":0,"href":"https:\/\/www.europesays.com\/pt\/wp-json\/wp\/v2\/posts\/121264\/revisions"}],"wp:featuredmedia":[{"embeddable":true,"href":"https:\/\/www.europesays.com\/pt\/wp-json\/wp\/v2\/media\/121265"}],"wp:attachment":[{"href":"https:\/\/www.europesays.com\/pt\/wp-json\/wp\/v2\/media?parent=121264"}],"wp:term":[{"taxonomy":"category","embeddable":true,"href":"https:\/\/www.europesays.com\/pt\/wp-json\/wp\/v2\/categories?post=121264"},{"taxonomy":"post_tag","embeddable":true,"href":"https:\/\/www.europesays.com\/pt\/wp-json\/wp\/v2\/tags?post=121264"}],"curies":[{"name":"wp","href":"https:\/\/api.w.org\/{rel}","templated":true}]}}