{"id":121266,"date":"2025-10-22T01:55:10","date_gmt":"2025-10-22T01:55:10","guid":{"rendered":"https:\/\/www.europesays.com\/pt\/121266\/"},"modified":"2025-10-22T01:55:10","modified_gmt":"2025-10-22T01:55:10","slug":"surpresa-este-detalhe-no-quarto-de-sara-prata-conta-a-sua-historia-de-amor-novelas","status":"publish","type":"post","link":"https:\/\/www.europesays.com\/pt\/121266\/","title":{"rendered":"\u201cSurpresa!\u201d: Este detalhe no quarto de Sara Prata conta a sua hist\u00f3ria de amor &#8211; Novelas"},"content":{"rendered":"<p data-end=\"861\" data-start=\"0\">A atriz <a href=\"https:\/\/tvi.iol.pt\/novelas\/sara-prata\/kpop-demon-hunters\/sara-prata-revela-a-nova-febre-que-conquistou-a-filha-a-paixao-e-real\" rel=\"nofollow noopener\" target=\"_blank\"><strong data-end=\"22\" data-start=\"8\">Sara Prata<\/strong><\/a>, de <strong data-end=\"38\" data-start=\"27\">41 anos<\/strong>, partilhou recentemente com os seus seguidores do Instagram <strong data-end=\"140\" data-start=\"99\">as primeiras imagens da sua nova casa<\/strong>, revelando o resultado final de um processo que tem vindo a documentar ao longo dos \u00faltimos meses. Entre todos os detalhes, o que mais se destacou foi o <strong data-end=\"304\" data-start=\"294\">quarto<\/strong>, e, em especial, <strong data-end=\"382\" data-start=\"322\">um quadro colorido e muito especial na cabeceira da cama<\/strong>, que rapidamente captou a aten\u00e7\u00e3o dos f\u00e3s.<\/p>\n<p data-end=\"861\" data-start=\"0\">Num v\u00eddeo explicativo, Sara esclareceu a hist\u00f3ria por tr\u00e1s da decora\u00e7\u00e3o:<strong> \u00ab**Surpresa! \ud83c\udf81 Recebi algumas mensagens a perguntar pelo quadro do nosso quarto. Deixo aqui a hist\u00f3ria. Quando pensava que o quarto j\u00e1 estava perfeito\u2026 A ColchoDiamond trouxe esta cama de sonho e combinou com o Jo\u00e3o dar vida a este tapete t\u00edpico do Peru, que trouxemos na nossa grande viagem juntos, j\u00e1 h\u00e1 7 looongos anos \ud83d\ude00 e agora temos esta pe\u00e7a \u00fanica \u2728\u00bb\u00bb.<\/strong><\/p>\n<p data-end=\"1385\" data-start=\"863\">A publica\u00e7\u00e3o n\u00e3o passou despercebida, e os seguidores n\u00e3o pouparam nos elogios, com coment\u00e1rios como \u00ab<strong>O quarto est\u00e1 fabuloso e o quadro ficou lind\u00edssimo\ud83e\udd70\u00bb, \u00abFicou maravilhoso! Sejam muito felizes no novo lar\u00bb, \u00abFicou fant\u00e1stico o quadro que eterniza os bons momentos que passaram \ud83d\udc4f\u00bb,<\/strong> \u00abParab\u00e9ns que tenham muita sa\u00fade para desfrutar, beijinhos\u00bb ou \u00abFicou lind\u00edssimo o vosso quarto, adoro o quadro, est\u00e1 fant\u00e1stico. Sejam sempre muito felizes, gosto muito de vos seguir e adoro a Am\u00e9linha, est\u00e1 muito crescida \u2764\ufe0f\u2764\ufe0f\ud83d\ude18\ud83e\udd70\u00bb.<\/p>\n<p data-end=\"1969\" data-start=\"1387\">Sara Prata destacou-se n\u00e3o s\u00f3 pelo <strong data-end=\"1460\" data-start=\"1422\">bom gosto e eleg\u00e2ncia na decora\u00e7\u00e3o<\/strong>, mas tamb\u00e9m pelo <strong data-end=\"1521\" data-start=\"1478\">cuidado em preservar mem\u00f3rias especiais<\/strong>, transformando objetos e lembran\u00e7as de viagens em elementos centrais da sua casa. O quadro na cabeceira do quarto, associado ao <strong data-end=\"1675\" data-start=\"1650\">tapete t\u00edpico do Peru<\/strong>, simboliza <strong data-end=\"1740\" data-start=\"1687\">sete anos de hist\u00f3ria e de momentos inesquec\u00edveis<\/strong> ao lado do marido, Jo\u00e3o. Com esta partilha, a atriz n\u00e3o s\u00f3 mostra o seu novo lar, como tamb\u00e9m revela <strong data-end=\"1887\" data-start=\"1842\">o lado mais pessoal e afetivo da sua vida<\/strong>, equilibrando o design contempor\u00e2neo com mem\u00f3rias que tornam cada espa\u00e7o \u00fanico.<\/p>\n<p data-end=\"1969\" data-start=\"1387\">Reveja aqui o momento em que a atriz revela o quarto novo \u00e0 sua filha Am\u00e9lia:<\/p>\n","protected":false},"excerpt":{"rendered":"A atriz Sara Prata, de 41 anos, partilhou recentemente com os seus seguidores do Instagram as primeiras imagens&hellip;\n","protected":false},"author":2,"featured_media":121267,"comment_status":"","ping_status":"","sticky":false,"template":"","format":"standard","meta":{"footnotes":""},"categories":[142],"tags":[160,2019,1435,166,114,115,981,157,167,164,161,158,165,159,32,33,22056,156,6610,163,151,162],"class_list":{"0":"post-121266","1":"post","2":"type-post","3":"status-publish","4":"format-standard","5":"has-post-thumbnail","7":"category-tv","8":"tag-ana-guiomar","9":"tag-casa","10":"tag-casamento","11":"tag-cristina-ferreira","12":"tag-entertainment","13":"tag-entretenimento","14":"tag-familia","15":"tag-festa-e-festa","16":"tag-ficcao","17":"tag-jose-fidalgo","18":"tag-novelas","19":"tag-para-sempre","20":"tag-pedro-sousa","21":"tag-pedro-teixeira","22":"tag-portugal","23":"tag-pt","24":"tag-quarto","25":"tag-queridos-papas","26":"tag-sara-prata","27":"tag-tiago-teotonio-pereira","28":"tag-tv","29":"tag-tvi"},"share_on_mastodon":{"url":"https:\/\/pubeurope.com\/@pt\/115415333114781182","error":""},"_links":{"self":[{"href":"https:\/\/www.europesays.com\/pt\/wp-json\/wp\/v2\/posts\/121266","targetHints":{"allow":["GET"]}}],"collection":[{"href":"https:\/\/www.europesays.com\/pt\/wp-json\/wp\/v2\/posts"}],"about":[{"href":"https:\/\/www.europesays.com\/pt\/wp-json\/wp\/v2\/types\/post"}],"author":[{"embeddable":true,"href":"https:\/\/www.europesays.com\/pt\/wp-json\/wp\/v2\/users\/2"}],"replies":[{"embeddable":true,"href":"https:\/\/www.europesays.com\/pt\/wp-json\/wp\/v2\/comments?post=121266"}],"version-history":[{"count":0,"href":"https:\/\/www.europesays.com\/pt\/wp-json\/wp\/v2\/posts\/121266\/revisions"}],"wp:featuredmedia":[{"embeddable":true,"href":"https:\/\/www.europesays.com\/pt\/wp-json\/wp\/v2\/media\/121267"}],"wp:attachment":[{"href":"https:\/\/www.europesays.com\/pt\/wp-json\/wp\/v2\/media?parent=121266"}],"wp:term":[{"taxonomy":"category","embeddable":true,"href":"https:\/\/www.europesays.com\/pt\/wp-json\/wp\/v2\/categories?post=121266"},{"taxonomy":"post_tag","embeddable":true,"href":"https:\/\/www.europesays.com\/pt\/wp-json\/wp\/v2\/tags?post=121266"}],"curies":[{"name":"wp","href":"https:\/\/api.w.org\/{rel}","templated":true}]}}