{"id":121280,"date":"2025-10-22T02:14:21","date_gmt":"2025-10-22T02:14:21","guid":{"rendered":"https:\/\/www.europesays.com\/pt\/121280\/"},"modified":"2025-10-22T02:14:21","modified_gmt":"2025-10-22T02:14:21","slug":"wec-antonio-felix-da-costa-confirmado-na-alpine","status":"publish","type":"post","link":"https:\/\/www.europesays.com\/pt\/121280\/","title":{"rendered":"WEC: Ant\u00f3nio F\u00e9lix da Costa confirmado na Alpine"},"content":{"rendered":"<p>Ant\u00f3nio F\u00e9lix da Costa est\u00e1 oficialmente confirmado na Alpine, para o seu projeto do Campeonato do Mundo FIA de Resist\u00eancia (FIA WEC), como j\u00e1 tinha sido avan\u00e7ado em primeira m\u00e3o pelo AutoSport \/ E-Auto. O piloto de Cascais junta-se \u00e0 equipa francesa num contrato de longa dura\u00e7\u00e3o, refor\u00e7ando a ambi\u00e7\u00e3o da Alpine na luta pelos lugares cimeiros da disciplina m\u00e1xima do endurance. \u00c9 tamb\u00e9m o regresso a tempo inteiro de AFC ao endurance, onde desde cedo se destacou.<\/p>\n<p>Adapta\u00e7\u00e3o e versatilidade s\u00e3o alguns dos pontos fortes de F\u00e9lix da Costa, que se habituou a ser r\u00e1pido em qualquer categoria. A sua forma\u00e7\u00e3o de base assim o exigiu e a capacidade para se adaptar aos mais diversos desafios fez dele uma das estrelas do motorsport da atualidade. Nos prim\u00f3rdios da sua carreira passou Formula Renault e destacou-se rapidamente no panorama internacional, somando duas vit\u00f3rias no Grande Pr\u00e9mio de Macau e participa\u00e7\u00f5es de relevo no DTM, GT e F\u00f3rmula 1, onde realizou v\u00e1rios testes oficiais. Na F\u00f3rmula E, tornou-se um dos principais protagonistas da modalidade, conquistando o t\u00edtulo mundial de 2019-2020.<\/p>\n<p><img loading=\"lazy\" decoding=\"async\" width=\"2000\" height=\"1333\" data-lazy-type=\"image\" src=\"https:\/\/www.europesays.com\/pt\/wp-content\/uploads\/2025\/10\/antonio-felix-da-costa.jpg\" alt=\"\" class=\"lazy lazy-hidden wp-image-731699\"\/>Antonio Felix da Costa (por), new Alpine A424 Hypercar driver, at Le Mans, France on October 20th 2025 \u2013 Photo: Germain Hazard \/ DPPI<\/p>\n<p>A sua entrada no endurance surgiu de forma natural e desde as primeiras experi\u00eancias que o piloto luso ficou apaixonado pela modalidade, tendo participado em diversas temporadas do FIA WEC. Depois de se estrear na categoria LMGTE Pro, subiu aos LMP2, onde alcan\u00e7ou o t\u00edtulo de campe\u00e3o e a vit\u00f3ria nas 24 Horas de Le Mans em 2022. No campeonato do mundo de resist\u00eancia, conta com 33 participa\u00e7\u00f5es, 3 vit\u00f3rias e 15 p\u00f3dios.<\/p>\n<p>Agora, F\u00e9lix da Costa abra\u00e7a um novo desafio com a Alpine, competindo novamente entre a elite do FIA WEC ao volante do A424 Hypercar. O piloto j\u00e1 realizou um primeiro teste no Circuito Bugatti de Le Mans e voltar\u00e1 \u00e0 pista no pr\u00f3ximo m\u00eas, nos Rookie Tests do Bahrein.<\/p>\n<p>Segundo a equipa, a chegada de Ant\u00f3nio representa um refor\u00e7o estrat\u00e9gico que alia experi\u00eancia, carisma e cultura de desempenho \u2014 qualidades que se enquadram na filosofia competitiva da Alpine e no seu processo de consolida\u00e7\u00e3o no topo do endurance mundial.<\/p>\n<p><img loading=\"lazy\" decoding=\"async\" width=\"2000\" height=\"1333\" data-lazy-type=\"image\" src=\"https:\/\/www.europesays.com\/pt\/wp-content\/uploads\/2025\/10\/antonio-felix-da-costa-3.jpg\" alt=\"\" class=\"lazy lazy-hidden wp-image-731700\"\/>Antonio Felix da Costa (por), new Alpine A424 Hypercar driver, at Le Mans, France on October 20th 2025 \u2013 Photo: Germain Hazard \/ DPPI<\/p>\n<blockquote class=\"wp-block-quote is-layout-flow wp-block-quote-is-layout-flow\">\n<p><strong>Ant\u00f3nio F\u00e9lix da Costa:<\/strong> \u201cEstou muito feliz por me juntar \u00e0 Alpine Endurance Team. Regressar ao FIA WEC era um dos meus grandes objetivos e \u00e9 fant\u00e1stico faz\u00ea-lo com um construtor que est\u00e1 a afirmar-se de forma t\u00e3o ambiciosa. A Alpine tem uma heran\u00e7a forte no automobilismo e \u00e9 entusiasmante integrar este projeto. A equipa tem demonstrado um n\u00edvel competitivo elevado e, depois da primeira vit\u00f3ria com o A424, este \u00e9 o momento ideal para iniciarmos esta colabora\u00e7\u00e3o. A minha paix\u00e3o pelo endurance \u00e9 enorme e, depois do t\u00edtulo em LMP2, quero agora contribuir para o sucesso da Alpine ao mais alto n\u00edvel.\u201d<\/p>\n<\/blockquote>\n<blockquote class=\"wp-block-quote is-layout-flow wp-block-quote-is-layout-flow\">\n<p><strong>Nicolas Lapierre<\/strong>, diretor desportivo da Alpine Endurance Team: \u201cO Ant\u00f3nio encaixa perfeitamente no perfil que procur\u00e1vamos: r\u00e1pido, experiente e com profundo conhecimento do endurance e das 24 Horas de Le Mans. O seu percurso fala por si. \u00c9 um piloto completo e carism\u00e1tico que se adaptar\u00e1 rapidamente \u00e0 estrutura. Estamos entusiasmados por come\u00e7ar a trabalhar juntos e fortalecer ainda mais a Alpine no FIA WEC.\u201d<\/p>\n<\/blockquote>\n<blockquote class=\"wp-block-quote is-layout-flow wp-block-quote-is-layout-flow\">\n<p><strong>Philippe Sinault<\/strong>, diretor da equipa: \u201cConhe\u00e7o o Ant\u00f3nio h\u00e1 muitos anos e sempre existiu respeito m\u00fatuo e o desejo de colaborar. Ele \u00e9 um verdadeiro \u2018racer\u2019, determinado e eficiente, que deixa marca por onde passa. Partilhamos a mesma filosofia e paix\u00e3o pelo que fazemos, e estou confiante de que seremos rapidamente competitivos. A sua experi\u00eancia e mentalidade ser\u00e3o ativos preciosos para o futuro da equipa.\u201d<\/p>\n<\/blockquote>\n<p>Com esta nova etapa, Ant\u00f3nio F\u00e9lix da Costa reafirma-se como um dos nomes mais completos e respeitados do automobilismo internacional, levando o talento portugu\u00eas a um dos palcos mais exigentes e prestigiados do desporto motorizado mundial.<\/p>\n<p><img loading=\"lazy\" decoding=\"async\" width=\"1334\" height=\"2000\" data-lazy-type=\"image\" src=\"https:\/\/www.europesays.com\/pt\/wp-content\/uploads\/2025\/10\/antonio-felix-da-costa-1.jpg\" alt=\"\" class=\"lazy lazy-hidden wp-image-731701\"\/>Antonio Felix da Costa (por), new Alpine A424 Hypercar driver, at Le Mans, France on October 20th 2025 \u2013 Photo: Germain Hazard \/ DPPI<\/p>\n","protected":false},"excerpt":{"rendered":"Ant\u00f3nio F\u00e9lix da Costa est\u00e1 oficialmente confirmado na Alpine, para o seu projeto do Campeonato do Mundo FIA&hellip;\n","protected":false},"author":2,"featured_media":121281,"comment_status":"","ping_status":"","sticky":false,"template":"","format":"standard","meta":{"footnotes":""},"categories":[87],"tags":[6814,135,1162,24940,718,1163,32,33,134,8563,15182],"class_list":{"0":"post-121280","1":"post","2":"type-post","3":"status-publish","4":"format-standard","5":"has-post-thumbnail","7":"category-desporto","8":"tag-alpine","9":"tag-desporto","10":"tag-destaque-homepage","11":"tag-felix-da-costa","12":"tag-newsletter","13":"tag-newsletter-destaque","14":"tag-portugal","15":"tag-pt","16":"tag-sports","17":"tag-velocidade","18":"tag-wec"},"share_on_mastodon":{"url":"https:\/\/pubeurope.com\/@pt\/115415408115035773","error":""},"_links":{"self":[{"href":"https:\/\/www.europesays.com\/pt\/wp-json\/wp\/v2\/posts\/121280","targetHints":{"allow":["GET"]}}],"collection":[{"href":"https:\/\/www.europesays.com\/pt\/wp-json\/wp\/v2\/posts"}],"about":[{"href":"https:\/\/www.europesays.com\/pt\/wp-json\/wp\/v2\/types\/post"}],"author":[{"embeddable":true,"href":"https:\/\/www.europesays.com\/pt\/wp-json\/wp\/v2\/users\/2"}],"replies":[{"embeddable":true,"href":"https:\/\/www.europesays.com\/pt\/wp-json\/wp\/v2\/comments?post=121280"}],"version-history":[{"count":0,"href":"https:\/\/www.europesays.com\/pt\/wp-json\/wp\/v2\/posts\/121280\/revisions"}],"wp:featuredmedia":[{"embeddable":true,"href":"https:\/\/www.europesays.com\/pt\/wp-json\/wp\/v2\/media\/121281"}],"wp:attachment":[{"href":"https:\/\/www.europesays.com\/pt\/wp-json\/wp\/v2\/media?parent=121280"}],"wp:term":[{"taxonomy":"category","embeddable":true,"href":"https:\/\/www.europesays.com\/pt\/wp-json\/wp\/v2\/categories?post=121280"},{"taxonomy":"post_tag","embeddable":true,"href":"https:\/\/www.europesays.com\/pt\/wp-json\/wp\/v2\/tags?post=121280"}],"curies":[{"name":"wp","href":"https:\/\/api.w.org\/{rel}","templated":true}]}}