{"id":121287,"date":"2025-10-22T02:25:12","date_gmt":"2025-10-22T02:25:12","guid":{"rendered":"https:\/\/www.europesays.com\/pt\/121287\/"},"modified":"2025-10-22T02:25:12","modified_gmt":"2025-10-22T02:25:12","slug":"sabemos-o-destino-da-odete-2","status":"publish","type":"post","link":"https:\/\/www.europesays.com\/pt\/121287\/","title":{"rendered":"&#8216;Sabemos o destino da Odete&#8217;"},"content":{"rendered":"\n<p>Debora Bloch est\u00e1 aproveitando suas merecidas f\u00e9rias em Portugal ap\u00f3s uma maratona de grava\u00e7\u00f5es para &#8220;Vale tudo&#8221;. A atriz ficou consagrada como a grande vil\u00e3 da \u00faltima novela das 21h, Odete Roitman. Nas redes sociais, ela compartilhou alguns momentos de sua viagem e recebeu mensagens divertidas de seus f\u00e3s.<\/p>\n<p>&#8220;Sabemos o destino da Odete&#8221;, disse um internauta no perfil da atriz. &#8220;Odete, vou a\u00ed te ver, estou em Portugal&#8221;, avisou outro no Instagram. &#8220;Com certeza j\u00e1 est\u00e1 na companhia de um novo garot\u00e3o&#8221;, brincou um terceiro seguidor. &#8220;Odete, volta para o Brasil&#8221;, pediu mais uma pessoa. &#8220;Fugiu do calor dos tr\u00f3picos&#8221;, escreveu outra. &#8220;Deixa a Celina ficar sabendo disso&#8230;&#8221;, lembrou mais um.<\/p>\n<p>O registro feito por Debora mostra sua viagem de carro pelo Alentejo. Ela aparece sorridente em alguns v\u00eddeos e mostra paisagens e caminhos em outros momentos. Na legenda da postagem, a artista escreveu que essas t\u00eam sido &#8220;f\u00e9rias deliciosas&#8221;. Nos coment\u00e1rios, tamb\u00e9m teve muito f\u00e3 desejando bom passeio e pedindo para que a atriz aproveite o descanso merecido.<\/p>\n<p>O Brasil se despediu da vil\u00e3 no \u00faltimo dia 17 de outubro, quando foi ao ar o \u00faltimo cap\u00edtulo do remake de &#8220;Vale tudo&#8221;. Na ocasi\u00e3o, o encerramento mostrou que Odete, na verdade, n\u00e3o morreu com o tiro que Marco Aur\u00e9lio (Alexandre Nero) deu nela. Com a ajuda de Freitas (Luis Lobianco), a empres\u00e1ria conseguiu armar sua fuga e enganar a todos.<\/p>\n<p>No story de sua conta no Instagram, Debora compartilhou fotografias e mensagens de f\u00e3s, que j\u00e1 sentem saudades da \u00faltima novela do hor\u00e1rio nobre da TV Globo. &#8220;Entre risos, l\u00e1grimas e emo\u00e7\u00f5es, voc\u00eas deixaram marcas que nunca se apagam&#8221;, diz legenda de uma das postagens que a atriz trouxe para o seu perfil.<\/p>\n","protected":false},"excerpt":{"rendered":"Debora Bloch est\u00e1 aproveitando suas merecidas f\u00e9rias em Portugal ap\u00f3s uma maratona de grava\u00e7\u00f5es para &#8220;Vale tudo&#8221;. A&hellip;\n","protected":false},"author":2,"featured_media":121288,"comment_status":"","ping_status":"","sticky":false,"template":"","format":"standard","meta":{"footnotes":""},"categories":[142],"tags":[28071,28069,114,115,3755,1015,2931,17446,32,33,28070,228,151,25858,5214],"class_list":{"0":"post-121287","1":"post","2":"type-post","3":"status-publish","4":"format-standard","5":"has-post-thumbnail","7":"category-tv","8":"tag-bloch","9":"tag-debora","10":"tag-entertainment","11":"tag-entretenimento","12":"tag-ferias","13":"tag-instagram","14":"tag-novela","15":"tag-odete","16":"tag-portugal","17":"tag-pt","18":"tag-roitman","19":"tag-tudo","20":"tag-tv","21":"tag-vale","22":"tag-vila"},"share_on_mastodon":{"url":"https:\/\/pubeurope.com\/@pt\/115415451291331887","error":""},"_links":{"self":[{"href":"https:\/\/www.europesays.com\/pt\/wp-json\/wp\/v2\/posts\/121287","targetHints":{"allow":["GET"]}}],"collection":[{"href":"https:\/\/www.europesays.com\/pt\/wp-json\/wp\/v2\/posts"}],"about":[{"href":"https:\/\/www.europesays.com\/pt\/wp-json\/wp\/v2\/types\/post"}],"author":[{"embeddable":true,"href":"https:\/\/www.europesays.com\/pt\/wp-json\/wp\/v2\/users\/2"}],"replies":[{"embeddable":true,"href":"https:\/\/www.europesays.com\/pt\/wp-json\/wp\/v2\/comments?post=121287"}],"version-history":[{"count":0,"href":"https:\/\/www.europesays.com\/pt\/wp-json\/wp\/v2\/posts\/121287\/revisions"}],"wp:featuredmedia":[{"embeddable":true,"href":"https:\/\/www.europesays.com\/pt\/wp-json\/wp\/v2\/media\/121288"}],"wp:attachment":[{"href":"https:\/\/www.europesays.com\/pt\/wp-json\/wp\/v2\/media?parent=121287"}],"wp:term":[{"taxonomy":"category","embeddable":true,"href":"https:\/\/www.europesays.com\/pt\/wp-json\/wp\/v2\/categories?post=121287"},{"taxonomy":"post_tag","embeddable":true,"href":"https:\/\/www.europesays.com\/pt\/wp-json\/wp\/v2\/tags?post=121287"}],"curies":[{"name":"wp","href":"https:\/\/api.w.org\/{rel}","templated":true}]}}