{"id":121289,"date":"2025-10-22T02:26:18","date_gmt":"2025-10-22T02:26:18","guid":{"rendered":"https:\/\/www.europesays.com\/pt\/121289\/"},"modified":"2025-10-22T02:26:18","modified_gmt":"2025-10-22T02:26:18","slug":"inspirada-por-mariah-carey-influenciadora-tenta-adotar-sobrenome-da-cantora-legalmente-sou-a-versao-brasileira","status":"publish","type":"post","link":"https:\/\/www.europesays.com\/pt\/121289\/","title":{"rendered":"Inspirada por Mariah Carey, influenciadora tenta adotar sobrenome da cantora legalmente: &#8216;Sou a vers\u00e3o brasileira&#8217;"},"content":{"rendered":"\n<p class=\" content-text__container theme-color-primary-first-letter\" data-track-category=\"Link no Texto\" data-track-links=\"\"> Morando em Londres, a influenciadora brasileira <strong>Suellen Carey<\/strong>, de 37 anos, contou que tentou incluir legalmente o sobrenome &#8220;Carey&#8221; em seus documentos como <a class=\"\" href=\"https:\/\/oglobo.globo.com\/google\/amp\/ela\/noticia\/2024\/09\/30\/its-time-influenciadora-trans-faz-lip-sync-com-classico-de-mariah-carey-no-metro-de-londres.ghtml\" rel=\"nofollow noopener\" target=\"_blank\">forma de homenagear a cantora<strong> Mariah Carey<\/strong><\/a>, sua maior inspira\u00e7\u00e3o desde a adolesc\u00eancia. No entanto, enfrentou resist\u00eancia durante o processo. <\/p>\n<ul class=\"content-unordered-list\">\n<li><a class=\"\" href=\"https:\/\/oglobo.globo.com\/ela\/noticia\/2025\/10\/21\/com-mechas-rosas-filhas-de-virginia-fonseca-encantam-poliana-rocha-estao-crescendo-tao-rapido.ghtml\" rel=\"nofollow noopener\" target=\"_blank\"><strong>Com mechas rosas, filhas de Virg\u00ednia Fonseca encantam Poliana Rocha<\/strong><\/a><strong>: &#8216;Est\u00e3o crescendo t\u00e3o r\u00e1pido&#8217;<\/strong><\/li>\n<li><strong>Confira: <\/strong><a class=\"\" href=\"https:\/\/oglobo.globo.com\/ela\/noticia\/2025\/10\/21\/neymar-jr-aparece-em-momento-raro-com-bruna-biancardi-e-filhas-durante-banho-em-familia.ghtml\" rel=\"nofollow noopener\" target=\"_blank\"><strong>Neymar Jr. aparece em momento raro com Bruna Biancardi e filhas durante banho em fam\u00edlia<\/strong><\/a><\/li>\n<\/ul>\n<p class=\" content-text__container \" data-track-category=\"Link no Texto\" data-track-links=\"\"> &#8220;Uso o nome Suellen Carey h\u00e1 anos nas redes sociais e pensei: por que n\u00e3o torn\u00e1-lo oficial? Mas, durante a solicita\u00e7\u00e3o, disseram que nomes ligados a figuras p\u00fablicas podem causar confus\u00e3o. Eu s\u00f3 queria ser oficialmente uma Carey&#8221;, explica. <\/p>\n<p class=\" content-text__container \" data-track-category=\"Link no Texto\" data-track-links=\"\"> Para Suellen, o sobrenome representa mais do que uma homenagem, faz parte da constru\u00e7\u00e3o de sua identidade. &#8220;Acho que toda mulher que cresceu ouvindo Mariah se sente um pouco Carey tamb\u00e9m&#8221;, afirma. <\/p>\n<p class=\" content-text__container \" data-track-category=\"Link no Texto\" data-track-links=\"\"> No Reino Unido, a mudan\u00e7a de nome \u00e9 permitida por meio de um documento chamado Deed Poll, reconhecido por \u00f3rg\u00e3os governamentais e institui\u00e7\u00f5es privadas. A legisla\u00e7\u00e3o brit\u00e2nica n\u00e3o pro\u00edbe o uso de nomes inspirados em celebridades, desde que n\u00e3o haja inten\u00e7\u00e3o de fraude. Ainda assim, Suellen relata que h\u00e1 barreiras informais quando o nome escolhido est\u00e1 associado a personalidades famosas. <\/p>\n<p class=\" content-text__container \" data-track-category=\"Link no Texto\" data-track-links=\"\"> Al\u00e9m da burocracia, ela conta que lida com desafios sociais desde que se mudou para o pa\u00eds. &#8220;Aqui, o respeito que eu tinha antes foi substitu\u00eddo por julgamentos. Algumas leis e debates recentes sobre g\u00eanero acabaram deixando as pessoas mais desconfiadas. O medo voltou a fazer parte da minha rotina&#8221;, desabafa. <\/p>\n<p>      <img decoding=\"async\" class=\"content-media__image\"  src=\"https:\/\/www.europesays.com\/pt\/wp-content\/uploads\/2025\/10\/nem-anjo-nem-santa-apenas-suellen-com-a-luz-que-o-mundo-nao-conseguiu-apagar.-no.jpg\" alt=\"Suellen Carey tentou adotar sobrenome de Mariah Carey em homenagem \u00e0 cantora \u2014 Foto: Reprodu\u00e7\u00e3o Instagram\" width=\"1080\" height=\"1433\" loading=\"lazy\"\/>  Suellen Carey tentou adotar sobrenome de Mariah Carey em homenagem \u00e0 cantora \u2014 Foto: Reprodu\u00e7\u00e3o Instagram       <\/p>\n<p class=\" content-text__container \" data-track-category=\"Link no Texto\" data-track-links=\"\"> A legisla\u00e7\u00e3o brit\u00e2nica tamb\u00e9m permite que pessoas trans mudem de nome sem exig\u00eancias adicionais. O procedimento \u00e9 simples, mas, segundo Suellen, o obst\u00e1culo est\u00e1 fora dos escrit\u00f3rios p\u00fablicos. &#8220;A burocracia \u00e9 f\u00e1cil. O dif\u00edcil \u00e9 lidar com o preconceito. Ainda h\u00e1 muita resist\u00eancia quando uma mulher trans tenta afirmar quem \u00e9&#8221;, observa. <\/p>\n<p class=\" content-text__container \" data-track-category=\"Link no Texto\" data-track-links=\"\"> Mesmo sem o reconhecimento legal, o sobrenome &#8220;Carey&#8221; permanece como parte de sua identidade art\u00edstica. Por causa da semelhan\u00e7a com a cantora americana, Suellen passou a participar de eventos e apresenta\u00e7\u00f5es, muitas vezes convidada para encarnar a persona de Mariah Carey em performances de lip-sync e a\u00e7\u00f5es promocionais. A atividade, que come\u00e7ou de forma despretensiosa, acabou se tornando uma fonte de renda. <\/p>\n<p class=\" content-text__container \" data-track-category=\"Link no Texto\" data-track-links=\"\"> &#8220;Hoje passo meus dias entre apresenta\u00e7\u00f5es e apari\u00e7\u00f5es, mas no come\u00e7o eu tinha medo de que as pessoas me vissem como uma &#8216;diva&#8217; no sentido negativo&#8221;, detalha. <\/p>\n<p>      <img decoding=\"async\" class=\"content-media__image\"  src=\"https:\/\/www.europesays.com\/pt\/wp-content\/uploads\/2025\/10\/sobre-ontem-londonfashionweek-usando-o-look-da-maravilhosa-brazilianfashionldn-roupas-lindas-1-.jpg\" alt=\"Suellen Carey tentou adotar sobrenome de Mariah Carey em homenagem \u00e0 cantora \u2014 Foto: Reprodu\u00e7\u00e3o Instagram\" width=\"1080\" height=\"1082\" loading=\"lazy\"\/>  Suellen Carey tentou adotar sobrenome de Mariah Carey em homenagem \u00e0 cantora \u2014 Foto: Reprodu\u00e7\u00e3o Instagram       <\/p>\n<p class=\" content-text__container \" data-track-category=\"Link no Texto\" data-track-links=\"\"> Seu nome art\u00edstico surgiu de maneira espont\u00e2nea e acabou consolidando sua imagem p\u00fablica. V\u00eddeos de lip-sync no metr\u00f4 de Londres e participa\u00e7\u00f5es em a\u00e7\u00f5es voltadas \u00e0 visibilidade LGBTQIA+ ajudaram a tornar &#8220;Suellen Carey&#8221; uma persona reconhecida nas redes sociais. Mesmo sem a mudan\u00e7a oficial, ela segue firme em sua escolha: &#8220;Sou a vers\u00e3o brasileira e trans da Carey, e isso j\u00e1 \u00e9 suficiente&#8221;, declara. <\/p>\n","protected":false},"excerpt":{"rendered":"Morando em Londres, a influenciadora brasileira Suellen Carey, de 37 anos, contou que tentou incluir legalmente o sobrenome&hellip;\n","protected":false},"author":2,"featured_media":121290,"comment_status":"","ping_status":"","sticky":false,"template":"","format":"standard","meta":{"footnotes":""},"categories":[141],"tags":[114,115,319,149,150,32,33,318],"class_list":{"0":"post-121289","1":"post","2":"type-post","3":"status-publish","4":"format-standard","5":"has-post-thumbnail","7":"category-musica","8":"tag-entertainment","9":"tag-entretenimento","10":"tag-hard-news","11":"tag-music","12":"tag-musica","13":"tag-portugal","14":"tag-pt","15":"tag-radar"},"share_on_mastodon":{"url":"https:\/\/pubeurope.com\/@pt\/115415455191962966","error":""},"_links":{"self":[{"href":"https:\/\/www.europesays.com\/pt\/wp-json\/wp\/v2\/posts\/121289","targetHints":{"allow":["GET"]}}],"collection":[{"href":"https:\/\/www.europesays.com\/pt\/wp-json\/wp\/v2\/posts"}],"about":[{"href":"https:\/\/www.europesays.com\/pt\/wp-json\/wp\/v2\/types\/post"}],"author":[{"embeddable":true,"href":"https:\/\/www.europesays.com\/pt\/wp-json\/wp\/v2\/users\/2"}],"replies":[{"embeddable":true,"href":"https:\/\/www.europesays.com\/pt\/wp-json\/wp\/v2\/comments?post=121289"}],"version-history":[{"count":0,"href":"https:\/\/www.europesays.com\/pt\/wp-json\/wp\/v2\/posts\/121289\/revisions"}],"wp:featuredmedia":[{"embeddable":true,"href":"https:\/\/www.europesays.com\/pt\/wp-json\/wp\/v2\/media\/121290"}],"wp:attachment":[{"href":"https:\/\/www.europesays.com\/pt\/wp-json\/wp\/v2\/media?parent=121289"}],"wp:term":[{"taxonomy":"category","embeddable":true,"href":"https:\/\/www.europesays.com\/pt\/wp-json\/wp\/v2\/categories?post=121289"},{"taxonomy":"post_tag","embeddable":true,"href":"https:\/\/www.europesays.com\/pt\/wp-json\/wp\/v2\/tags?post=121289"}],"curies":[{"name":"wp","href":"https:\/\/api.w.org\/{rel}","templated":true}]}}