{"id":121299,"date":"2025-10-22T02:43:54","date_gmt":"2025-10-22T02:43:54","guid":{"rendered":"https:\/\/www.europesays.com\/pt\/121299\/"},"modified":"2025-10-22T02:43:54","modified_gmt":"2025-10-22T02:43:54","slug":"resumo-de-dona-de-mim-o-que-acontece-no-capitulo-de-terca-21-de-outubro","status":"publish","type":"post","link":"https:\/\/www.europesays.com\/pt\/121299\/","title":{"rendered":"Resumo de Dona de Mim: o que acontece no cap\u00edtulo de ter\u00e7a (21 de outubro)"},"content":{"rendered":"<p>                        <img width=\"944\" height=\"531\" src=\"https:\/\/www.europesays.com\/pt\/wp-content\/uploads\/2025\/10\/dona-de-mim-resumo-capitulo-terca-21-outubro-2025-944x531.jpg\" class=\"attachment-custom-large size-custom-large article-featured-image\" alt=\"dona de mim resumo capitulo terca 21 outubro 2025\" fetchpriority=\"high\" decoding=\"async\"  \/><\/p>\n<p>Guarda de Sofia \u00e9 o tema da semana em Dona de Mim (Foto: Reprodu\u00e7\u00e3o, TV Globo)<\/p>\n<p>A novela Dona de Mim segue mostrando o desenrolar da trama sobre a guarda de Sofia (Elis Cabral). Veja o que acontece no cap\u00edtulo desta ter\u00e7a-feira (21 de outubro de 2025).<\/p>\n<p>Continua depois da publicidade<\/p>\n<p>Sofia se desespera com a ideia de morar com Jaques e pede que Leo fuja com ela. Vespa amea\u00e7a Ryan ao ver a movimenta\u00e7\u00e3o para a grava\u00e7\u00e3o de um clipe com Azzy. Ryan pede Kami em namoro. Jussara se encanta com o novo comportamento de Alan na igreja.<\/p>\n<p>Marlon v\u00ea Ryan e Kami juntos. Rosa teme que Sofia n\u00e3o volte para casa. Rosa convida Yara para ir \u00e0 mans\u00e3o, e Leo se preocupa. <strong><a href=\"https:\/\/www.nsctotal.com.br\/noticias\/dona-de-mim-jaques-e-surpreendido-por-filipa-e-faz-uma-nova-vitima\" target=\"_blank\" rel=\"noreferrer noopener nofollow\">Jaques<\/a><\/strong> finge para Leo que est\u00e1 revendo seus comportamentos. Leo recebe a resposta positiva de Sol para o lan\u00e7amento de sua campanha. Samuel lembra Leo da audi\u00eancia pela guarda de Sofia.<\/p>\n<p>Elenco de Dona de Mim tem diversos novatos entre os veteranos1<\/p>\n<p>VoltarAvan\u00e7ar<\/p>\n<p><img loading=\"lazy\" decoding=\"async\" width=\"1200\" height=\"675\" data-id=\"7560324\" src=\"https:\/\/www.europesays.com\/pt\/wp-content\/uploads\/2025\/09\/Elenco-Dona-de-Mim-36.jpg\" alt=\"elenco dona de mim\" class=\"wp-image-7560324\"  \/><\/p>\n<p>Lucas \u2013 Pedro Henrique Ferreira (Foto: Divulga\u00e7\u00e3o, Globo)<\/p>\n<p><img loading=\"lazy\" decoding=\"async\" width=\"1200\" height=\"675\" data-id=\"7560334\" src=\"https:\/\/www.europesays.com\/pt\/wp-content\/uploads\/2025\/09\/1759194371_854_Elenco-Dona-de-Mim-26.jpg\" alt=\"\" class=\"wp-image-7560334\"  \/><\/p>\n<p>Leo \u2013 Clara Moneke (Foto: Divulga\u00e7\u00e3o, Globo)<\/p>\n<p><img loading=\"lazy\" decoding=\"async\" width=\"1200\" height=\"675\" data-id=\"7560329\" src=\"https:\/\/www.europesays.com\/pt\/wp-content\/uploads\/2025\/09\/Elenco-Dona-de-Mim-29.jpg\" alt=\"elenco dona de mim\" class=\"wp-image-7560329\"  \/><\/p>\n<p>Sofia \u2013 Elis Cabral (Foto: Divulga\u00e7\u00e3o, Globo)<\/p>\n<p><img loading=\"lazy\" decoding=\"async\" width=\"1200\" height=\"675\" data-id=\"7560331\" src=\"https:\/\/www.europesays.com\/pt\/wp-content\/uploads\/2025\/09\/1759194372_671_Elenco-Dona-de-Mim-24.jpg\" alt=\"\" class=\"wp-image-7560331\"  \/><\/p>\n<p>Abel \u2013 Tony Ramos (Foto: Divulga\u00e7\u00e3o, Globo)<\/p>\n<p><img loading=\"lazy\" decoding=\"async\" width=\"1200\" height=\"675\" data-id=\"7560326\" src=\"https:\/\/www.europesays.com\/pt\/wp-content\/uploads\/2025\/09\/Elenco-Dona-de-Mim-32.jpg\" alt=\"elenco dona de mim\" class=\"wp-image-7560326\"  \/><\/p>\n<p>Filipa \u2013 Cl\u00e1udia Abreu (Foto: Divulga\u00e7\u00e3o, Globo)<\/p>\n<p><img loading=\"lazy\" decoding=\"async\" width=\"1200\" height=\"675\" data-id=\"7560330\" src=\"https:\/\/www.europesays.com\/pt\/wp-content\/uploads\/2025\/09\/Elenco-Dona-de-Mim-23.jpg\" alt=\"\" class=\"wp-image-7560330\"  \/><\/p>\n<p>Samuel \u2013 Juan Paiva (Foto: Divulga\u00e7\u00e3o, Globo)<\/p>\n<p><img loading=\"lazy\" decoding=\"async\" width=\"1200\" height=\"675\" data-id=\"7560357\" src=\"https:\/\/www.europesays.com\/pt\/wp-content\/uploads\/2025\/09\/Elenco-Dona-de-Mim-4.jpg\" alt=\"elenco dona de mim\" class=\"wp-image-7560357\"  \/><\/p>\n<p>Davi \u2013 Raffa Vitti (Foto: Divulga\u00e7\u00e3o, Globo)<\/p>\n<p><img loading=\"lazy\" decoding=\"async\" width=\"1200\" height=\"675\" data-id=\"7560345\" src=\"https:\/\/www.europesays.com\/pt\/wp-content\/uploads\/2025\/09\/Elenco-Dona-de-Mim-9.jpg\" alt=\"\" class=\"wp-image-7560345\"  \/><\/p>\n<p>Kami \u2013 Giovanna Lancellotti (Foto: Divulga\u00e7\u00e3o, Globo)<\/p>\n<p><img loading=\"lazy\" decoding=\"async\" width=\"1200\" height=\"675\" data-id=\"7560360\" src=\"https:\/\/www.europesays.com\/pt\/wp-content\/uploads\/2025\/09\/Elenco-Dona-de-Mim-7.jpg\" alt=\"\" class=\"wp-image-7560360\"  \/><\/p>\n<p>Marlon \u2013 Humberto Moraes (Foto: Divulga\u00e7\u00e3o, Globo)<\/p>\n<p><img loading=\"lazy\" decoding=\"async\" width=\"1200\" height=\"675\" data-id=\"7560340\" src=\"https:\/\/www.europesays.com\/pt\/wp-content\/uploads\/2025\/09\/Elenco-Dona-de-Mim-19.jpg\" alt=\"elenco dona de mim\" class=\"wp-image-7560340\"  \/><\/p>\n<p>Jaques \u2013 Marcello Novaes (Foto: Divulga\u00e7\u00e3o, Globo)<\/p>\n<p><img loading=\"lazy\" decoding=\"async\" width=\"1200\" height=\"675\" data-id=\"7560343\" src=\"https:\/\/www.europesays.com\/pt\/wp-content\/uploads\/2025\/09\/Elenco-Dona-de-Mim-22.jpg\" alt=\"\" class=\"wp-image-7560343\"  \/><\/p>\n<p>Vanderson \u2013 Armando Babaioff (Foto: Divulga\u00e7\u00e3o, Globo)<\/p>\n<p><img loading=\"lazy\" decoding=\"async\" width=\"1200\" height=\"675\" data-id=\"7560342\" src=\"https:\/\/www.europesays.com\/pt\/wp-content\/uploads\/2025\/09\/Elenco-Dona-de-Mim-20.jpg\" alt=\"elenco dona de mim\" class=\"wp-image-7560342\"  \/><\/p>\n<p>Danilo \u2013 Felipe Simas (Foto: Divulga\u00e7\u00e3o, Globo)<\/p>\n<p><img loading=\"lazy\" decoding=\"async\" width=\"1200\" height=\"675\" data-id=\"7560336\" src=\"https:\/\/www.europesays.com\/pt\/wp-content\/uploads\/2025\/09\/Elenco-Dona-de-Mim-28.jpg\" alt=\"\" class=\"wp-image-7560336\"  \/><\/p>\n<p>Rosa \u2013 Suely Franco (Foto: Divulga\u00e7\u00e3o, Globo)<\/p>\n<p><img loading=\"lazy\" decoding=\"async\" width=\"1200\" height=\"675\" data-id=\"7560339\" src=\"https:\/\/www.europesays.com\/pt\/wp-content\/uploads\/2025\/09\/Elenco-Dona-de-Mim-18.jpg\" alt=\"elenco dona de mim\" class=\"wp-image-7560339\"  \/><\/p>\n<p>T\u00e2nia \u2013 Aline Borges (Foto: Divulga\u00e7\u00e3o, Globo)<\/p>\n<p><img loading=\"lazy\" decoding=\"async\" width=\"1200\" height=\"675\" data-id=\"7560328\" src=\"https:\/\/www.europesays.com\/pt\/wp-content\/uploads\/2025\/09\/Elenco-Dona-de-Mim-34.jpg\" alt=\"\" class=\"wp-image-7560328\"  \/><\/p>\n<p>Jussara \u2013 Vilma Melo (Foto: Divulga\u00e7\u00e3o, Globo)<\/p>\n<p><img loading=\"lazy\" decoding=\"async\" width=\"1200\" height=\"675\" data-id=\"7560327\" src=\"https:\/\/www.europesays.com\/pt\/wp-content\/uploads\/2025\/09\/Elenco-Dona-de-Mim-33.jpg\" alt=\"elenco dona de mim\" class=\"wp-image-7560327\"  \/><\/p>\n<p>Pam \u2013 Haon\u00ea Thinar (Foto: Divulga\u00e7\u00e3o, Globo)<\/p>\n<p><img loading=\"lazy\" decoding=\"async\" width=\"1200\" height=\"675\" data-id=\"7560332\" src=\"https:\/\/www.europesays.com\/pt\/wp-content\/uploads\/2025\/09\/Elenco-Dona-de-Mim-25.jpg\" alt=\"\" class=\"wp-image-7560332\"  \/><\/p>\n<p>Ryan \u2013 L7 (Foto: Divulga\u00e7\u00e3o, Globo)<\/p>\n<p><img loading=\"lazy\" decoding=\"async\" width=\"1200\" height=\"675\" data-id=\"7560358\" src=\"https:\/\/www.europesays.com\/pt\/wp-content\/uploads\/2025\/09\/Elenco-Dona-de-Mim-5.jpg\" alt=\"\" class=\"wp-image-7560358\"  \/><\/p>\n<p>(Foto: Divulga\u00e7\u00e3o, Globo)<\/p>\n<p><img loading=\"lazy\" decoding=\"async\" width=\"1200\" height=\"675\" data-id=\"7560335\" src=\"https:\/\/www.europesays.com\/pt\/wp-content\/uploads\/2025\/09\/Elenco-Dona-de-Mim-27.jpg\" alt=\"elenco dona de mim\" class=\"wp-image-7560335\"  \/><\/p>\n<p>Stephany \u2013 Nikolly Fernandes (Foto: Divulga\u00e7\u00e3o, Globo)<\/p>\n<p><img loading=\"lazy\" decoding=\"async\" width=\"1200\" height=\"675\" data-id=\"7560337\" src=\"https:\/\/www.europesays.com\/pt\/wp-content\/uploads\/2025\/09\/Elenco-Dona-de-Mim-16.jpg\" alt=\"\" class=\"wp-image-7560337\"  \/><\/p>\n<p>Ricardo \u2013 Marcos Pasquim (Foto: Divulga\u00e7\u00e3o, Globo)<\/p>\n<p><img loading=\"lazy\" decoding=\"async\" width=\"1200\" height=\"675\" data-id=\"7560344\" src=\"https:\/\/www.europesays.com\/pt\/wp-content\/uploads\/2025\/09\/Elenco-Dona-de-Mim-8.jpg\" alt=\"elenco dona de mim\" class=\"wp-image-7560344\"  \/><\/p>\n<p>Yara \u2013 Cyda Moreno (Foto: Divulga\u00e7\u00e3o, Globo)<\/p>\n<p><img loading=\"lazy\" decoding=\"async\" width=\"1200\" height=\"675\" data-id=\"7560348\" src=\"https:\/\/www.europesays.com\/pt\/wp-content\/uploads\/2025\/09\/Elenco-Dona-de-Mim-11.jpg\" alt=\"\" class=\"wp-image-7560348\"  \/><\/p>\n<p>Dara \u2013 Cecilia Chancez (Foto: Divulga\u00e7\u00e3o, Globo)<\/p>\n<p><img loading=\"lazy\" decoding=\"async\" width=\"1200\" height=\"675\" data-id=\"7560350\" src=\"https:\/\/www.europesays.com\/pt\/wp-content\/uploads\/2025\/09\/Elenco-Dona-de-Mim-13.jpg\" alt=\"elenco dona de mim\" class=\"wp-image-7560350\"  \/><\/p>\n<p>Peter \u2013 Pedro Fernandes (Foto: Divulga\u00e7\u00e3o, Globo)<\/p>\n<p><img loading=\"lazy\" decoding=\"async\" width=\"1200\" height=\"675\" data-id=\"7560352\" src=\"https:\/\/www.europesays.com\/pt\/wp-content\/uploads\/2025\/09\/Elenco-Dona-de-Mim-15.jpg\" alt=\"\" class=\"wp-image-7560352\"  \/><\/p>\n<p>Manoel \u2013 Ernani Moraes (Foto: Divulga\u00e7\u00e3o, Globo)<\/p>\n<p><img loading=\"lazy\" decoding=\"async\" width=\"1200\" height=\"675\" data-id=\"7560354\" src=\"https:\/\/www.europesays.com\/pt\/wp-content\/uploads\/2025\/09\/Elenco-Dona-de-Mim-2.jpg\" alt=\"elenco dona de mim\" class=\"wp-image-7560354\"  \/><\/p>\n<p>Natara \u2013 Carol Marra (Foto: Divulga\u00e7\u00e3o, Globo)<\/p>\n<p><img loading=\"lazy\" decoding=\"async\" width=\"1200\" height=\"675\" data-id=\"7560349\" src=\"https:\/\/www.europesays.com\/pt\/wp-content\/uploads\/2025\/09\/Elenco-Dona-de-Mim-12.jpg\" alt=\"\" class=\"wp-image-7560349\"  \/><\/p>\n<p>Gisele \u2013 Luana Tanaka (Foto: Divulga\u00e7\u00e3o, Globo)<\/p>\n<p><img loading=\"lazy\" decoding=\"async\" width=\"1200\" height=\"675\" data-id=\"7560338\" src=\"https:\/\/www.europesays.com\/pt\/wp-content\/uploads\/2025\/09\/Elenco-Dona-de-Mim-17.jpg\" alt=\"elenco dona de mim\" class=\"wp-image-7560338\"  \/><\/p>\n<p>Denise \u2013 Cris Larin (Foto: Divulga\u00e7\u00e3o, Globo)<\/p>\n<p><img loading=\"lazy\" decoding=\"async\" width=\"1200\" height=\"675\" data-id=\"7560359\" src=\"https:\/\/www.europesays.com\/pt\/wp-content\/uploads\/2025\/09\/Elenco-Dona-de-Mim-6.jpg\" alt=\"\" class=\"wp-image-7560359\"  \/><\/p>\n<p>Breno \u2013 Gabriel Sanches (Foto: Divulga\u00e7\u00e3o, Globo)<\/p>\n<p><img loading=\"lazy\" decoding=\"async\" width=\"1200\" height=\"675\" data-id=\"7560361\" src=\"https:\/\/www.europesays.com\/pt\/wp-content\/uploads\/2025\/09\/Elenco-Dona-de-Mim.jpg\" alt=\"elenco dona de mim\" class=\"wp-image-7560361\"  \/><\/p>\n<p>Fam\u00edlia Boaz (Foto: Divulga\u00e7\u00e3o, Globo)<\/p>\n<p>Continua depois da publicidade<\/p>\n","protected":false},"excerpt":{"rendered":"Guarda de Sofia \u00e9 o tema da semana em Dona de Mim (Foto: Reprodu\u00e7\u00e3o, TV Globo) A novela&hellip;\n","protected":false},"author":2,"featured_media":121300,"comment_status":"","ping_status":"","sticky":false,"template":"","format":"standard","meta":{"footnotes":""},"categories":[142],"tags":[114,115,32,33,151,543],"class_list":{"0":"post-121299","1":"post","2":"type-post","3":"status-publish","4":"format-standard","5":"has-post-thumbnail","7":"category-tv","8":"tag-entertainment","9":"tag-entretenimento","10":"tag-portugal","11":"tag-pt","12":"tag-tv","13":"tag-ver-ouvir-ler"},"share_on_mastodon":{"url":"https:\/\/pubeurope.com\/@pt\/115415526183390046","error":""},"_links":{"self":[{"href":"https:\/\/www.europesays.com\/pt\/wp-json\/wp\/v2\/posts\/121299","targetHints":{"allow":["GET"]}}],"collection":[{"href":"https:\/\/www.europesays.com\/pt\/wp-json\/wp\/v2\/posts"}],"about":[{"href":"https:\/\/www.europesays.com\/pt\/wp-json\/wp\/v2\/types\/post"}],"author":[{"embeddable":true,"href":"https:\/\/www.europesays.com\/pt\/wp-json\/wp\/v2\/users\/2"}],"replies":[{"embeddable":true,"href":"https:\/\/www.europesays.com\/pt\/wp-json\/wp\/v2\/comments?post=121299"}],"version-history":[{"count":0,"href":"https:\/\/www.europesays.com\/pt\/wp-json\/wp\/v2\/posts\/121299\/revisions"}],"wp:featuredmedia":[{"embeddable":true,"href":"https:\/\/www.europesays.com\/pt\/wp-json\/wp\/v2\/media\/121300"}],"wp:attachment":[{"href":"https:\/\/www.europesays.com\/pt\/wp-json\/wp\/v2\/media?parent=121299"}],"wp:term":[{"taxonomy":"category","embeddable":true,"href":"https:\/\/www.europesays.com\/pt\/wp-json\/wp\/v2\/categories?post=121299"},{"taxonomy":"post_tag","embeddable":true,"href":"https:\/\/www.europesays.com\/pt\/wp-json\/wp\/v2\/tags?post=121299"}],"curies":[{"name":"wp","href":"https:\/\/api.w.org\/{rel}","templated":true}]}}