{"id":121311,"date":"2025-10-22T02:57:26","date_gmt":"2025-10-22T02:57:26","guid":{"rendered":"https:\/\/www.europesays.com\/pt\/121311\/"},"modified":"2025-10-22T02:57:26","modified_gmt":"2025-10-22T02:57:26","slug":"vera-expoe-conversa-secreta-com-ines-chegou-a-comentar-comigo-que-ia-por-termino-a-relacao-dela-dois-as-10","status":"publish","type":"post","link":"https:\/\/www.europesays.com\/pt\/121311\/","title":{"rendered":"Vera exp\u00f5e conversa secreta com In\u00eas: \u00abChegou a comentar comigo que ia p\u00f4r t\u00e9rmino \u00e0 rela\u00e7\u00e3o dela\u00bb &#8211; Dois \u00e0s 10"},"content":{"rendered":"<p>                        No \u00abSecret Story 9\u00bb, a rela\u00e7\u00e3o entre Vera e In\u00eas tem dado muito que falar. A concorrente nortenha revelou detalhes da forte liga\u00e7\u00e3o que criou com a colega dentro da casa e contou, sem rodeios, que In\u00eas ponderou terminar o namoro que mant\u00e9m fora do programa.<\/p>\n<p data-end=\"753\" data-start=\"414\">Vera abriu o cora\u00e7\u00e3o e recordou o momento em que conheceu In\u00eas, descrevendo uma conex\u00e3o imediata entre as duas.<strong> \u201cNo primeiro dia, quando entr\u00e1mos na casa, j\u00e1 tinha falado com algumas pessoas. De repente, estava a falar com a Lili e apareceu-me a In\u00eas. Conect\u00e1mo-nos ali de uma forma que n\u00e3o senti com mais ningu\u00e9m\u201d,<\/strong> contou.<\/p>\n<p data-end=\"913\" data-start=\"755\">A concorrente acredita que a colega sentia o mesmo, mas que preferiu n\u00e3o assumir nada \u201cdevido \u00e0 exposi\u00e7\u00e3o\u201d. <strong>\u201cSenti vontade da parte dela tamb\u00e9m\u201d,<\/strong> confessou.<\/p>\n<p data-end=\"1281\" data-start=\"915\">Mais \u00e0 frente, Vera revelou que In\u00eas chegou a ponderar terminar a rela\u00e7\u00e3o que tem fora da casa.<strong> \u201cEla chegou a comentar comigo, da forma que n\u00f3s sabemos, que queria p\u00f4r t\u00e9rmino \u00e0 rela\u00e7\u00e3o dela. Isso foi-me dando esperan\u00e7a, porque pensei que ela se pudesse abrir um pouco mais\u201d,<\/strong> explicou, admitindo que a exposi\u00e7\u00e3o p\u00fablica acabou por travar qualquer avan\u00e7o entre as duas.<\/p>\n<p data-end=\"1558\" data-start=\"1283\">J\u00e1 sobre a recente aproxima\u00e7\u00e3o entre In\u00eas e Dylan, Vera admite estar surpreendida e acredita que o colega possa ter segundas inten\u00e7\u00f5es.\u00a0Ainda assim, a concorrente garante que, caso surja um romance entre In\u00eas e Dylan, n\u00e3o guarda m\u00e1goa.<\/p>\n","protected":false},"excerpt":{"rendered":"No \u00abSecret Story 9\u00bb, a rela\u00e7\u00e3o entre Vera e In\u00eas tem dado muito que falar. A concorrente nortenha&hellip;\n","protected":false},"author":2,"featured_media":121312,"comment_status":"","ping_status":"","sticky":false,"template":"","format":"standard","meta":{"footnotes":""},"categories":[142],"tags":[329,166,3412,3406,3409,801,3410,3411,3407,3408,114,115,3413,338,32,33,1315,151,11841],"class_list":{"0":"post-121311","1":"post","2":"type-post","3":"status-publish","4":"format-standard","5":"has-post-thumbnail","7":"category-tv","8":"tag-claudio-ramos","9":"tag-cristina-ferreira","10":"tag-dois-10","11":"tag-dois-a-s-10-dois-a-s-10","12":"tag-dois-a-s-dez","13":"tag-dois-as-10","14":"tag-dois-as-dez","15":"tag-dois-dez","16":"tag-doisas10","17":"tag-doisasdez","18":"tag-entertainment","19":"tag-entretenimento","20":"tag-manha-tvi","21":"tag-maria-botelho-moniz","22":"tag-portugal","23":"tag-pt","24":"tag-secret-story","25":"tag-tv","26":"tag-vera"},"share_on_mastodon":{"url":"https:\/\/pubeurope.com\/@pt\/115415576968569690","error":""},"_links":{"self":[{"href":"https:\/\/www.europesays.com\/pt\/wp-json\/wp\/v2\/posts\/121311","targetHints":{"allow":["GET"]}}],"collection":[{"href":"https:\/\/www.europesays.com\/pt\/wp-json\/wp\/v2\/posts"}],"about":[{"href":"https:\/\/www.europesays.com\/pt\/wp-json\/wp\/v2\/types\/post"}],"author":[{"embeddable":true,"href":"https:\/\/www.europesays.com\/pt\/wp-json\/wp\/v2\/users\/2"}],"replies":[{"embeddable":true,"href":"https:\/\/www.europesays.com\/pt\/wp-json\/wp\/v2\/comments?post=121311"}],"version-history":[{"count":0,"href":"https:\/\/www.europesays.com\/pt\/wp-json\/wp\/v2\/posts\/121311\/revisions"}],"wp:featuredmedia":[{"embeddable":true,"href":"https:\/\/www.europesays.com\/pt\/wp-json\/wp\/v2\/media\/121312"}],"wp:attachment":[{"href":"https:\/\/www.europesays.com\/pt\/wp-json\/wp\/v2\/media?parent=121311"}],"wp:term":[{"taxonomy":"category","embeddable":true,"href":"https:\/\/www.europesays.com\/pt\/wp-json\/wp\/v2\/categories?post=121311"},{"taxonomy":"post_tag","embeddable":true,"href":"https:\/\/www.europesays.com\/pt\/wp-json\/wp\/v2\/tags?post=121311"}],"curies":[{"name":"wp","href":"https:\/\/api.w.org\/{rel}","templated":true}]}}