{"id":121323,"date":"2025-10-22T03:13:08","date_gmt":"2025-10-22T03:13:08","guid":{"rendered":"https:\/\/www.europesays.com\/pt\/121323\/"},"modified":"2025-10-22T03:13:08","modified_gmt":"2025-10-22T03:13:08","slug":"filme-brasileiro-de-maior-sucesso-global-da-netflix","status":"publish","type":"post","link":"https:\/\/www.europesays.com\/pt\/121323\/","title":{"rendered":"filme brasileiro de maior sucesso global da Netflix"},"content":{"rendered":"<p><strong><a href=\"https:\/\/www.otempo.com.br\/opiniao\/diego-almeida\/2025\/10\/14\/caramelo-se-torna-sucesso-global-e-alcanca-o-top-10-da-netflix-em-quase-70-paises\" target=\"_blank\" rel=\"noopener nofollow\">O filme &#8220;Caramelo&#8221;<\/a><\/strong>, que narra a hist\u00f3ria de um c\u00e3o vira-lata e seu dono Pedro, interpretado por <strong><a href=\"https:\/\/www.otempo.com.br\/opiniao\/diego-almeida\/2025\/10\/20\/caramelo-rafael-vitti-adota-cachorro-de-tres-patas-do-filme\" target=\"_blank\" rel=\"noopener nofollow\">Rafael Vitti<\/a><\/strong>, se tornou o t\u00edtulo brasileiro de <strong><a href=\"https:\/\/www.otempo.com.br\/opiniao\/diego-almeida\/2025\/10\/8\/critica-caramelo-se-consolida-como-um-dos-filmes-mais-emocionantes-sobre-humanos-e-caes\" target=\"_blank\" rel=\"noopener nofollow\">maior sucesso global<\/a><\/strong> da Netflix. A obra \u00e9, atualmente, a mais vista em l\u00edngua n\u00e3o inglesa da plataforma no mundo.<\/p>\n<p>Aparece ainda entre os dez filmes mais vistos de 90 pa\u00edses, como Canad\u00e1, Fran\u00e7a, Alemanha, M\u00e9xico, Coreia do Sul e Jap\u00e3o. Ao todo, soma mais de 15 milh\u00f5es de visualiza\u00e7\u00f5es. O longa foi lan\u00e7ado no dia 8 deste m\u00eas.<\/p>\n<p>No filme, Pedro, um cozinheiro em ascens\u00e3o, conhece o c\u00e3o Caramelo ap\u00f3s o animal causar uma confus\u00e3o no restaurante em que o protagonista trabalha.<\/p>\n","protected":false},"excerpt":{"rendered":"O filme &#8220;Caramelo&#8221;, que narra a hist\u00f3ria de um c\u00e3o vira-lata e seu dono Pedro, interpretado por Rafael&hellip;\n","protected":false},"author":2,"featured_media":121324,"comment_status":"","ping_status":"","sticky":false,"template":"","format":"standard","meta":{"footnotes":""},"categories":[140],"tags":[25601,114,115,147,14097,148,146,716,32,33,6466],"class_list":{"0":"post-121323","1":"post","2":"type-post","3":"status-publish","4":"format-standard","5":"has-post-thumbnail","7":"category-filmes","8":"tag-caramelo","9":"tag-entertainment","10":"tag-entretenimento","11":"tag-film","12":"tag-filme-brasileiro","13":"tag-filmes","14":"tag-movies","15":"tag-netflix","16":"tag-portugal","17":"tag-pt","18":"tag-rafael-vitti"},"share_on_mastodon":{"url":"https:\/\/pubeurope.com\/@pt\/115415639914092040","error":""},"_links":{"self":[{"href":"https:\/\/www.europesays.com\/pt\/wp-json\/wp\/v2\/posts\/121323","targetHints":{"allow":["GET"]}}],"collection":[{"href":"https:\/\/www.europesays.com\/pt\/wp-json\/wp\/v2\/posts"}],"about":[{"href":"https:\/\/www.europesays.com\/pt\/wp-json\/wp\/v2\/types\/post"}],"author":[{"embeddable":true,"href":"https:\/\/www.europesays.com\/pt\/wp-json\/wp\/v2\/users\/2"}],"replies":[{"embeddable":true,"href":"https:\/\/www.europesays.com\/pt\/wp-json\/wp\/v2\/comments?post=121323"}],"version-history":[{"count":0,"href":"https:\/\/www.europesays.com\/pt\/wp-json\/wp\/v2\/posts\/121323\/revisions"}],"wp:featuredmedia":[{"embeddable":true,"href":"https:\/\/www.europesays.com\/pt\/wp-json\/wp\/v2\/media\/121324"}],"wp:attachment":[{"href":"https:\/\/www.europesays.com\/pt\/wp-json\/wp\/v2\/media?parent=121323"}],"wp:term":[{"taxonomy":"category","embeddable":true,"href":"https:\/\/www.europesays.com\/pt\/wp-json\/wp\/v2\/categories?post=121323"},{"taxonomy":"post_tag","embeddable":true,"href":"https:\/\/www.europesays.com\/pt\/wp-json\/wp\/v2\/tags?post=121323"}],"curies":[{"name":"wp","href":"https:\/\/api.w.org\/{rel}","templated":true}]}}