{"id":121339,"date":"2025-10-22T03:46:10","date_gmt":"2025-10-22T03:46:10","guid":{"rendered":"https:\/\/www.europesays.com\/pt\/121339\/"},"modified":"2025-10-22T03:46:10","modified_gmt":"2025-10-22T03:46:10","slug":"um-dia-apos-saida-de-secret-story-vera-claudia-partilha-importante-novidade-de-regresso","status":"publish","type":"post","link":"https:\/\/www.europesays.com\/pt\/121339\/","title":{"rendered":"Um dia ap\u00f3s sa\u00edda de &#8220;Secret Story&#8221;, Vera Cl\u00e1udia partilha importante novidade: &#8220;De regresso&#8221;"},"content":{"rendered":"<p>Um dia depois de ter abandonado a nona edi\u00e7\u00e3o de &#8220;Secret Story &#8211; Casa dos Segredos&#8221;, por decis\u00e3o da Voz, Vera Cl\u00e1udia deu uma entrevista a Cristina Ferreira e Cl\u00e1udio Ramos, no programa &#8220;<a href=\"https:\/\/tvi.iol.pt\/doisas10\/\" target=\"_blank\" rel=\"nofollow noopener\">Dois \u00e0s 10<\/a>&#8220;.<\/p>\n<p>Entretanto, por interm\u00e9dio do Instagram, <a href=\"https:\/\/selfie.iol.pt\/famosos\/bruno-savate\/secret-story-bruno-savate-reage-a-toda-a-polemica-que-envolve-vera-deveriam-ser-nomeados\/20251021\/68f7562ed34e58bc679720f7\" target=\"_blank\" rel=\"nofollow noopener\">Vera Cl\u00e1udia<\/a> partilhou um v\u00eddeo gravado no interior de um carro, a caminho do norte de Portugal.\u00a0&#8220;De regresso ao meu Porto, ao meu canto, \u00e0 minha base. At\u00e9 j\u00e1&#8221;, anunciou a agora ex-concorrente do reality show da <a href=\"https:\/\/tvi.iol.pt\/\" target=\"_blank\" rel=\"nofollow noopener\">TVI<\/a>, terminando com um emoji em forma de cora\u00e7\u00e3o.<\/p>\n<p>Recorde-se que Vera Cl\u00e1udia foi expulsa de &#8220;<a href=\"https:\/\/tvi.iol.pt\/secretstory\/\" target=\"_blank\" rel=\"nofollow noopener\">Secret Story<\/a> &#8211; Casa dos Segredos&#8221; por ter desferido v\u00e1rios estalos em Dylan Fonte.<\/p>\n<p>Veja, agora, na galeria que prepar\u00e1mos para si, as melhores imagens de <a href=\"https:\/\/selfie.iol.pt\/famosos\/casa-dos-segredos\/vera-claudia-faz-revelacao-sobre-ines-gama-ela-ja-quis-terminar-a-relacao-com-o-namorado\/20251021\/68f76ad6d34e58bc67972316\" target=\"_blank\" rel=\"nofollow noopener\">Vera Cl\u00e1udia<\/a>.<\/p>\n<p style=\"text-align:center\"><img loading=\"lazy\" decoding=\"async\" alt=\"\" height=\"893\" src=\"https:\/\/www.europesays.com\/pt\/wp-content\/uploads\/2025\/10\/68f7dee0d34ee0c2fed184f3.webp\" width=\"500\"\/><\/p>\n<p>\u00a0<\/p>\n","protected":false},"excerpt":{"rendered":"Um dia depois de ter abandonado a nona edi\u00e7\u00e3o de &#8220;Secret Story &#8211; Casa dos Segredos&#8221;, por decis\u00e3o&hellip;\n","protected":false},"author":2,"featured_media":120411,"comment_status":"","ping_status":"","sticky":false,"template":"","format":"standard","meta":{"footnotes":""},"categories":[145],"tags":[2632,13471,211,210,19105,21040,114,115,6309,980,1015,619,32,33,1014,1315,6985,16687,16686,1012,6986,16688,162,11841,24887],"class_list":{"0":"post-121339","1":"post","2":"type-post","3":"status-publish","4":"format-standard","5":"has-post-thumbnail","7":"category-celebridades","8":"tag-casa-dos-segredos","9":"tag-casa-dos-segredos-9","10":"tag-celebridades","11":"tag-celebrities","12":"tag-dylan","13":"tag-dylan-fonte","14":"tag-entertainment","15":"tag-entretenimento","16":"tag-ex-concorrente","17":"tag-famosos","18":"tag-instagram","19":"tag-nacional","20":"tag-portugal","21":"tag-pt","22":"tag-reality-show","23":"tag-secret-story","24":"tag-secret-story-casa-dos-segredos","25":"tag-secret-story-casa-dos-segredos-9","26":"tag-secret-story-9","27":"tag-selfie","28":"tag-ss","29":"tag-ss9","30":"tag-tvi","31":"tag-vera","32":"tag-vera-claudia"},"share_on_mastodon":{"url":"https:\/\/pubeurope.com\/@pt\/115415769702907488","error":""},"_links":{"self":[{"href":"https:\/\/www.europesays.com\/pt\/wp-json\/wp\/v2\/posts\/121339","targetHints":{"allow":["GET"]}}],"collection":[{"href":"https:\/\/www.europesays.com\/pt\/wp-json\/wp\/v2\/posts"}],"about":[{"href":"https:\/\/www.europesays.com\/pt\/wp-json\/wp\/v2\/types\/post"}],"author":[{"embeddable":true,"href":"https:\/\/www.europesays.com\/pt\/wp-json\/wp\/v2\/users\/2"}],"replies":[{"embeddable":true,"href":"https:\/\/www.europesays.com\/pt\/wp-json\/wp\/v2\/comments?post=121339"}],"version-history":[{"count":0,"href":"https:\/\/www.europesays.com\/pt\/wp-json\/wp\/v2\/posts\/121339\/revisions"}],"wp:featuredmedia":[{"embeddable":true,"href":"https:\/\/www.europesays.com\/pt\/wp-json\/wp\/v2\/media\/120411"}],"wp:attachment":[{"href":"https:\/\/www.europesays.com\/pt\/wp-json\/wp\/v2\/media?parent=121339"}],"wp:term":[{"taxonomy":"category","embeddable":true,"href":"https:\/\/www.europesays.com\/pt\/wp-json\/wp\/v2\/categories?post=121339"},{"taxonomy":"post_tag","embeddable":true,"href":"https:\/\/www.europesays.com\/pt\/wp-json\/wp\/v2\/tags?post=121339"}],"curies":[{"name":"wp","href":"https:\/\/api.w.org\/{rel}","templated":true}]}}